{"id":14074,"date":"2021-11-04T16:47:57","date_gmt":"2021-11-04T19:47:57","guid":{"rendered":"https:\/\/autolist.com.br\/?p=14074"},"modified":"2021-11-04T16:47:57","modified_gmt":"2021-11-04T19:47:57","slug":"o-que-causou-o-aumento-no-preco-dos-carros","status":"publish","type":"post","link":"https:\/\/www.autolist.com.br\/blog\/o-que-causou-o-aumento-no-preco-dos-carros\/","title":{"rendered":"<strong>O que causou o aumento no pre\u00e7o dos carros: entenda agora!<\/strong>"},"content":{"rendered":"\n<p>Todo mundo sabe que a pandemia impactou empresas de diversos ramos do mercado, o que ningu\u00e9m talvez tenha previsto \u00e9 <strong>o que causou o aumento no pre\u00e7o dos carros<\/strong>.&nbsp;<\/p>\n\n\n\n<p>Essa alta repentina deixou n\u00e3o s\u00f3 os consumidores surpresos, como tamb\u00e9m implicou uma defasagem na <a href=\"https:\/\/autolist.com.br\/como-e-calculada-a-tabela-fipe\/\">tabela Fipe<\/a> com o inesperado: em vez de seguir a ordem natural de deprecia\u00e7\u00e3o, os ve\u00edculos valorizaram de um ano para c\u00e1, e isso explica o aumento na <a href=\"https:\/\/autolist.com.br\/precificacao-de-carro-como-definir\/\">precifica\u00e7\u00e3o<\/a>.&nbsp;<\/p>\n\n\n\n<p>Para ler mais sobre o assunto e entender o porqu\u00ea os carros est\u00e3o mais caros e o que esperar daqui para frente, \u00e9 s\u00f3 continuar por aqui!&nbsp;<\/p>\n\n\n\n<h2 class=\"wp-block-heading\"><strong>O que causou o aumento no pre\u00e7o dos carros&nbsp;<\/strong><\/h2>\n\n\n\n<p>Alguns motivos espec\u00edficos do setor automotivo fez com que houvesse essa alta elevada no valor dos ve\u00edculos. A <strong>falta de pe\u00e7as e componentes eletr\u00f4nicos<\/strong>, por exemplo, foi uma das principais raz\u00f5es, a qual levou inclusive \u00e0 paralisa\u00e7\u00e3o de diversas montadoras.&nbsp;<\/p>\n\n\n\n<p>Isso se deu porque o pre\u00e7o das mat\u00e9rias-primas tamb\u00e9m teve um salto, impossibilitando que as empresas dessem continuidade a produ\u00e7\u00e3o.&nbsp;<\/p>\n\n\n\n<p>Diante dessa situa\u00e7\u00e3o, os ve\u00edculos zero quil\u00f4metros ficaram escassos, deixando as concession\u00e1rias sem estoque e fazendo com que a procura pelos seminovos e usados aumentasse.&nbsp;&nbsp;<\/p>\n\n\n<div class=\"wp-block-image\">\n<figure class=\"aligncenter size-full\"><a href=\"https:\/\/autolist.com.br\/historico-de-roubo-e-furto\/\" target=\"_blank\" rel=\"noreferrer noopener\"><img loading=\"lazy\" decoding=\"async\" width=\"1001\" height=\"301\" src=\"https:\/\/www.autolist.com.br\/blog\/wp-content\/uploads\/2022\/08\/Artboard-12-1-1.png\" alt=\"\" class=\"wp-image-16718\" srcset=\"https:\/\/www.autolist.com.br\/blog\/wp-content\/uploads\/2022\/08\/Artboard-12-1-1.png 1001w, https:\/\/www.autolist.com.br\/blog\/wp-content\/uploads\/2022\/08\/Artboard-12-1-1-300x90.png 300w, https:\/\/www.autolist.com.br\/blog\/wp-content\/uploads\/2022\/08\/Artboard-12-1-1-768x231.png 768w\" sizes=\"auto, (max-width: 1001px) 100vw, 1001px\" \/><\/a><\/figure>\n<\/div>\n\n\n<h2 class=\"wp-block-heading\"><strong>Como explicar a alta elevada dos modelos 0km e dos seminovos&nbsp;<\/strong><\/h2>\n\n\n\n<h3 class=\"wp-block-heading\"><strong>Modelos zero quil\u00f4metro&nbsp;<\/strong><\/h3>\n\n\n\n<p>Como acabamos de dizer, a falta de insumos para a fabrica\u00e7\u00e3o dos autom\u00f3veis foi o fator-chave para o aumento. De acordo com a <strong>Anfavea <\/strong>(Associa\u00e7\u00e3o Nacional dos Fabricantes de Ve\u00edculos Automotores), s\u00f3 o a\u00e7o sofreu um acr\u00e9scimo no valor de mais de 60% no primeiro trimestre.&nbsp;<\/p>\n\n\n\n<p>Al\u00e9m disso, a <strong>aus\u00eancia dos semicondutores<\/strong>, somado aos <strong>custos de opera\u00e7\u00e3o<\/strong>, como energia e transporte a\u00e9reo e mar\u00edtimo \u2014 que tamb\u00e9m encareceram \u2014 influenciaram completamente o pre\u00e7o repassado aos consumidores.&nbsp;<\/p>\n\n\n\n<h3 class=\"wp-block-heading\"><strong>Modelos seminovos e usados&nbsp;<\/strong><\/h3>\n\n\n\n<p>A justificativa aqui \u00e9 clara: a baixa nos estoques das concession\u00e1rias fez com que a demanda pelos seminovos e usados crescesse consideravelmente.&nbsp;<\/p>\n\n\n\n<p>A retomada gradativa da economia \u00e9 outra raz\u00e3o. O fato da rotatividade econ\u00f4mica ter crescido implica numa procura maior do que o h\u00e1 estocado. Em consequ\u00eancia disso, o pre\u00e7o final aumenta.<\/p>\n\n\n\n<p>S\u00f3 para se ter ideia, pesquisas apontam que um modelo que era comercializado por R$45 mil no ano passado, hoje, pode ser encontrado por at\u00e9 R$60 mil reais.&nbsp;&nbsp;<\/p>\n\n\n\n<h2 class=\"wp-block-heading\"><strong>O que esperar para o pr\u00f3ximo ano&nbsp;<\/strong><\/h2>\n\n\n\n<p>Segundo o presidente da Anfavea, n\u00e3o haver\u00e1 nenhuma altera\u00e7\u00e3o nos valores t\u00e3o rapidamente. Pode ser que somente a partir da metade do ano que vem os pre\u00e7os tenham uma redu\u00e7\u00e3o.&nbsp;&nbsp;<\/p>\n\n\n\n<p>Em meio a esse cen\u00e1rio de incertezas, no entanto, o que se pode esperar \u00e9 um acr\u00e9scimo no<strong> valor do IPVA<\/strong>, j\u00e1 que os pre\u00e7os dos ve\u00edculos continuam subindo e mudando a<strong> tabela Fipe.<\/strong>&nbsp;<\/p>\n\n\n\n<p>E ent\u00e3o, gostou deste conte\u00fado? Para acompanhar outros artigos como esse, continue acompanhando nosso blog e nos siga nas redes sociais.&nbsp;<\/p>\n\n\n\n<p>Ficou com alguma d\u00favida? Deixe um coment\u00e1rio aqui embaixo!<\/p>\n","protected":false},"excerpt":{"rendered":"<p>Entenda agora o que causou o aumento no pre\u00e7o dos carros, como isso impacta a tabela Fipe e o que esperar para o ano que vem!<\/p>\n","protected":false},"author":4,"featured_media":16502,"comment_status":"closed","ping_status":"open","sticky":false,"template":"","format":"standard","meta":{"footnotes":""},"categories":[9],"tags":[135,67],"class_list":["post-14074","post","type-post","status-publish","format-standard","has-post-thumbnail","hentry","category-todos","tag-ipva","tag-tabela-fipe"],"yoast_head":"<!-- This site is optimized with the Yoast SEO plugin v25.1 - https:\/\/yoast.com\/wordpress\/plugins\/seo\/ -->\n<title>Entenda o que causou o aumento no pre\u00e7o dos carros<\/title>\n<meta name=\"description\" content=\"Entenda agora o que causou o aumento no pre\u00e7o dos carros, como isso impacta a tabela Fipe e o que esperar para o ano que vem!\" \/>\n<meta name=\"robots\" content=\"index, follow, max-snippet:-1, max-image-preview:large, max-video-preview:-1\" \/>\n<link rel=\"canonical\" href=\"https:\/\/www.autolist.com.br\/blog\/o-que-causou-o-aumento-no-preco-dos-carros\/\" \/>\n<meta property=\"og:locale\" content=\"pt_BR\" \/>\n<meta property=\"og:type\" content=\"article\" \/>\n<meta property=\"og:title\" content=\"Entenda o que causou o aumento no pre\u00e7o dos carros\" \/>\n<meta property=\"og:description\" content=\"Entenda agora o que causou o aumento no pre\u00e7o dos carros, como isso impacta a tabela Fipe e o que esperar para o ano que vem!\" \/>\n<meta property=\"og:url\" content=\"https:\/\/www.autolist.com.br\/blog\/o-que-causou-o-aumento-no-preco-dos-carros\/\" \/>\n<meta property=\"og:site_name\" content=\"Blog - Autolist\" \/>\n<meta property=\"article:publisher\" content=\"https:\/\/www.facebook.com\/autolistconsultasveiculares\" \/>\n<meta property=\"article:published_time\" content=\"2021-11-04T19:47:57+00:00\" \/>\n<meta property=\"og:image\" content=\"https:\/\/www.autolist.com.br\/blog\/wp-content\/uploads\/2021\/11\/36.jpg\" \/>\n\t<meta property=\"og:image:width\" content=\"626\" \/>\n\t<meta property=\"og:image:height\" content=\"417\" \/>\n\t<meta property=\"og:image:type\" content=\"image\/jpeg\" \/>\n<meta name=\"author\" content=\"Let\u00edcia Bariviera\" \/>\n<meta name=\"twitter:card\" content=\"summary_large_image\" \/>\n<meta name=\"twitter:label1\" content=\"Escrito por\" \/>\n\t<meta name=\"twitter:data1\" content=\"Let\u00edcia Bariviera\" \/>\n\t<meta name=\"twitter:label2\" content=\"Est. tempo de leitura\" \/>\n\t<meta name=\"twitter:data2\" content=\"3 minutos\" \/>\n<script type=\"application\/ld+json\" class=\"yoast-schema-graph\">{\"@context\":\"https:\/\/schema.org\",\"@graph\":[{\"@type\":\"Article\",\"@id\":\"https:\/\/www.autolist.com.br\/blog\/o-que-causou-o-aumento-no-preco-dos-carros\/#article\",\"isPartOf\":{\"@id\":\"https:\/\/www.autolist.com.br\/blog\/o-que-causou-o-aumento-no-preco-dos-carros\/\"},\"author\":{\"name\":\"Let\u00edcia Bariviera\",\"@id\":\"https:\/\/www.autolist.com.br\/blog\/#\/schema\/person\/20624ab867cc62b0ef5e51f48121653d\"},\"headline\":\"O que causou o aumento no pre\u00e7o dos carros: entenda agora!\",\"datePublished\":\"2021-11-04T19:47:57+00:00\",\"mainEntityOfPage\":{\"@id\":\"https:\/\/www.autolist.com.br\/blog\/o-que-causou-o-aumento-no-preco-dos-carros\/\"},\"wordCount\":550,\"publisher\":{\"@id\":\"https:\/\/www.autolist.com.br\/blog\/#organization\"},\"image\":{\"@id\":\"https:\/\/www.autolist.com.br\/blog\/o-que-causou-o-aumento-no-preco-dos-carros\/#primaryimage\"},\"thumbnailUrl\":\"https:\/\/www.autolist.com.br\/blog\/wp-content\/uploads\/2021\/11\/36.jpg\",\"keywords\":[\"ipva\",\"tabela FIPE\"],\"articleSection\":[\"Todos\"],\"inLanguage\":\"pt-BR\"},{\"@type\":\"WebPage\",\"@id\":\"https:\/\/www.autolist.com.br\/blog\/o-que-causou-o-aumento-no-preco-dos-carros\/\",\"url\":\"https:\/\/www.autolist.com.br\/blog\/o-que-causou-o-aumento-no-preco-dos-carros\/\",\"name\":\"Entenda o que causou o aumento no pre\u00e7o dos carros\",\"isPartOf\":{\"@id\":\"https:\/\/www.autolist.com.br\/blog\/#website\"},\"primaryImageOfPage\":{\"@id\":\"https:\/\/www.autolist.com.br\/blog\/o-que-causou-o-aumento-no-preco-dos-carros\/#primaryimage\"},\"image\":{\"@id\":\"https:\/\/www.autolist.com.br\/blog\/o-que-causou-o-aumento-no-preco-dos-carros\/#primaryimage\"},\"thumbnailUrl\":\"https:\/\/www.autolist.com.br\/blog\/wp-content\/uploads\/2021\/11\/36.jpg\",\"datePublished\":\"2021-11-04T19:47:57+00:00\",\"description\":\"Entenda agora o que causou o aumento no pre\u00e7o dos carros, como isso impacta a tabela Fipe e o que esperar para o ano que vem!\",\"breadcrumb\":{\"@id\":\"https:\/\/www.autolist.com.br\/blog\/o-que-causou-o-aumento-no-preco-dos-carros\/#breadcrumb\"},\"inLanguage\":\"pt-BR\",\"potentialAction\":[{\"@type\":\"ReadAction\",\"target\":[\"https:\/\/www.autolist.com.br\/blog\/o-que-causou-o-aumento-no-preco-dos-carros\/\"]}]},{\"@type\":\"ImageObject\",\"inLanguage\":\"pt-BR\",\"@id\":\"https:\/\/www.autolist.com.br\/blog\/o-que-causou-o-aumento-no-preco-dos-carros\/#primaryimage\",\"url\":\"https:\/\/www.autolist.com.br\/blog\/wp-content\/uploads\/2021\/11\/36.jpg\",\"contentUrl\":\"https:\/\/www.autolist.com.br\/blog\/wp-content\/uploads\/2021\/11\/36.jpg\",\"width\":626,\"height\":417},{\"@type\":\"BreadcrumbList\",\"@id\":\"https:\/\/www.autolist.com.br\/blog\/o-que-causou-o-aumento-no-preco-dos-carros\/#breadcrumb\",\"itemListElement\":[{\"@type\":\"ListItem\",\"position\":1,\"name\":\"In\u00edcio\",\"item\":\"https:\/\/www.autolist.com.br\/blog\/\"},{\"@type\":\"ListItem\",\"position\":2,\"name\":\"O que causou o aumento no pre\u00e7o dos carros: entenda agora!\"}]},{\"@type\":\"WebSite\",\"@id\":\"https:\/\/www.autolist.com.br\/blog\/#website\",\"url\":\"https:\/\/www.autolist.com.br\/blog\/\",\"name\":\"Blog - Autolist\",\"description\":\"Consultas Veiculares\",\"publisher\":{\"@id\":\"https:\/\/www.autolist.com.br\/blog\/#organization\"},\"potentialAction\":[{\"@type\":\"SearchAction\",\"target\":{\"@type\":\"EntryPoint\",\"urlTemplate\":\"https:\/\/www.autolist.com.br\/blog\/?s={search_term_string}\"},\"query-input\":{\"@type\":\"PropertyValueSpecification\",\"valueRequired\":true,\"valueName\":\"search_term_string\"}}],\"inLanguage\":\"pt-BR\"},{\"@type\":\"Organization\",\"@id\":\"https:\/\/www.autolist.com.br\/blog\/#organization\",\"name\":\"Blog - Autolist\",\"url\":\"https:\/\/www.autolist.com.br\/blog\/\",\"logo\":{\"@type\":\"ImageObject\",\"inLanguage\":\"pt-BR\",\"@id\":\"https:\/\/www.autolist.com.br\/blog\/#\/schema\/logo\/image\/\",\"url\":\"https:\/\/www.autolist.com.br\/blog\/wp-content\/uploads\/2024\/05\/Logo-Horizontal.png\",\"contentUrl\":\"https:\/\/www.autolist.com.br\/blog\/wp-content\/uploads\/2024\/05\/Logo-Horizontal.png\",\"width\":237,\"height\":60,\"caption\":\"Blog - Autolist\"},\"image\":{\"@id\":\"https:\/\/www.autolist.com.br\/blog\/#\/schema\/logo\/image\/\"},\"sameAs\":[\"https:\/\/www.facebook.com\/autolistconsultasveiculares\",\"https:\/\/www.instagram.com\/autolistcv\/\"]},{\"@type\":\"Person\",\"@id\":\"https:\/\/www.autolist.com.br\/blog\/#\/schema\/person\/20624ab867cc62b0ef5e51f48121653d\",\"name\":\"Let\u00edcia Bariviera\",\"image\":{\"@type\":\"ImageObject\",\"inLanguage\":\"pt-BR\",\"@id\":\"https:\/\/www.autolist.com.br\/blog\/#\/schema\/person\/image\/\",\"url\":\"https:\/\/secure.gravatar.com\/avatar\/805f672da9304da64bca1e55bc2e3b2ca7ab423b4210f8f80fb37bf9c13772c2?s=96&d=mm&r=g\",\"contentUrl\":\"https:\/\/secure.gravatar.com\/avatar\/805f672da9304da64bca1e55bc2e3b2ca7ab423b4210f8f80fb37bf9c13772c2?s=96&d=mm&r=g\",\"caption\":\"Let\u00edcia Bariviera\"},\"url\":\"https:\/\/www.autolist.com.br\/blog\/author\/leticia\/\"}]}<\/script>\n<!-- \/ Yoast SEO plugin. -->","yoast_head_json":{"title":"Entenda o que causou o aumento no pre\u00e7o dos carros","description":"Entenda agora o que causou o aumento no pre\u00e7o dos carros, como isso impacta a tabela Fipe e o que esperar para o ano que vem!","robots":{"index":"index","follow":"follow","max-snippet":"max-snippet:-1","max-image-preview":"max-image-preview:large","max-video-preview":"max-video-preview:-1"},"canonical":"https:\/\/www.autolist.com.br\/blog\/o-que-causou-o-aumento-no-preco-dos-carros\/","og_locale":"pt_BR","og_type":"article","og_title":"Entenda o que causou o aumento no pre\u00e7o dos carros","og_description":"Entenda agora o que causou o aumento no pre\u00e7o dos carros, como isso impacta a tabela Fipe e o que esperar para o ano que vem!","og_url":"https:\/\/www.autolist.com.br\/blog\/o-que-causou-o-aumento-no-preco-dos-carros\/","og_site_name":"Blog - Autolist","article_publisher":"https:\/\/www.facebook.com\/autolistconsultasveiculares","article_published_time":"2021-11-04T19:47:57+00:00","og_image":[{"width":626,"height":417,"url":"https:\/\/www.autolist.com.br\/blog\/wp-content\/uploads\/2021\/11\/36.jpg","type":"image\/jpeg"}],"author":"Let\u00edcia Bariviera","twitter_card":"summary_large_image","twitter_misc":{"Escrito por":"Let\u00edcia Bariviera","Est. tempo de leitura":"3 minutos"},"schema":{"@context":"https:\/\/schema.org","@graph":[{"@type":"Article","@id":"https:\/\/www.autolist.com.br\/blog\/o-que-causou-o-aumento-no-preco-dos-carros\/#article","isPartOf":{"@id":"https:\/\/www.autolist.com.br\/blog\/o-que-causou-o-aumento-no-preco-dos-carros\/"},"author":{"name":"Let\u00edcia Bariviera","@id":"https:\/\/www.autolist.com.br\/blog\/#\/schema\/person\/20624ab867cc62b0ef5e51f48121653d"},"headline":"O que causou o aumento no pre\u00e7o dos carros: entenda agora!","datePublished":"2021-11-04T19:47:57+00:00","mainEntityOfPage":{"@id":"https:\/\/www.autolist.com.br\/blog\/o-que-causou-o-aumento-no-preco-dos-carros\/"},"wordCount":550,"publisher":{"@id":"https:\/\/www.autolist.com.br\/blog\/#organization"},"image":{"@id":"https:\/\/www.autolist.com.br\/blog\/o-que-causou-o-aumento-no-preco-dos-carros\/#primaryimage"},"thumbnailUrl":"https:\/\/www.autolist.com.br\/blog\/wp-content\/uploads\/2021\/11\/36.jpg","keywords":["ipva","tabela FIPE"],"articleSection":["Todos"],"inLanguage":"pt-BR"},{"@type":"WebPage","@id":"https:\/\/www.autolist.com.br\/blog\/o-que-causou-o-aumento-no-preco-dos-carros\/","url":"https:\/\/www.autolist.com.br\/blog\/o-que-causou-o-aumento-no-preco-dos-carros\/","name":"Entenda o que causou o aumento no pre\u00e7o dos carros","isPartOf":{"@id":"https:\/\/www.autolist.com.br\/blog\/#website"},"primaryImageOfPage":{"@id":"https:\/\/www.autolist.com.br\/blog\/o-que-causou-o-aumento-no-preco-dos-carros\/#primaryimage"},"image":{"@id":"https:\/\/www.autolist.com.br\/blog\/o-que-causou-o-aumento-no-preco-dos-carros\/#primaryimage"},"thumbnailUrl":"https:\/\/www.autolist.com.br\/blog\/wp-content\/uploads\/2021\/11\/36.jpg","datePublished":"2021-11-04T19:47:57+00:00","description":"Entenda agora o que causou o aumento no pre\u00e7o dos carros, como isso impacta a tabela Fipe e o que esperar para o ano que vem!","breadcrumb":{"@id":"https:\/\/www.autolist.com.br\/blog\/o-que-causou-o-aumento-no-preco-dos-carros\/#breadcrumb"},"inLanguage":"pt-BR","potentialAction":[{"@type":"ReadAction","target":["https:\/\/www.autolist.com.br\/blog\/o-que-causou-o-aumento-no-preco-dos-carros\/"]}]},{"@type":"ImageObject","inLanguage":"pt-BR","@id":"https:\/\/www.autolist.com.br\/blog\/o-que-causou-o-aumento-no-preco-dos-carros\/#primaryimage","url":"https:\/\/www.autolist.com.br\/blog\/wp-content\/uploads\/2021\/11\/36.jpg","contentUrl":"https:\/\/www.autolist.com.br\/blog\/wp-content\/uploads\/2021\/11\/36.jpg","width":626,"height":417},{"@type":"BreadcrumbList","@id":"https:\/\/www.autolist.com.br\/blog\/o-que-causou-o-aumento-no-preco-dos-carros\/#breadcrumb","itemListElement":[{"@type":"ListItem","position":1,"name":"In\u00edcio","item":"https:\/\/www.autolist.com.br\/blog\/"},{"@type":"ListItem","position":2,"name":"O que causou o aumento no pre\u00e7o dos carros: entenda agora!"}]},{"@type":"WebSite","@id":"https:\/\/www.autolist.com.br\/blog\/#website","url":"https:\/\/www.autolist.com.br\/blog\/","name":"Blog - Autolist","description":"Consultas Veiculares","publisher":{"@id":"https:\/\/www.autolist.com.br\/blog\/#organization"},"potentialAction":[{"@type":"SearchAction","target":{"@type":"EntryPoint","urlTemplate":"https:\/\/www.autolist.com.br\/blog\/?s={search_term_string}"},"query-input":{"@type":"PropertyValueSpecification","valueRequired":true,"valueName":"search_term_string"}}],"inLanguage":"pt-BR"},{"@type":"Organization","@id":"https:\/\/www.autolist.com.br\/blog\/#organization","name":"Blog - Autolist","url":"https:\/\/www.autolist.com.br\/blog\/","logo":{"@type":"ImageObject","inLanguage":"pt-BR","@id":"https:\/\/www.autolist.com.br\/blog\/#\/schema\/logo\/image\/","url":"https:\/\/www.autolist.com.br\/blog\/wp-content\/uploads\/2024\/05\/Logo-Horizontal.png","contentUrl":"https:\/\/www.autolist.com.br\/blog\/wp-content\/uploads\/2024\/05\/Logo-Horizontal.png","width":237,"height":60,"caption":"Blog - Autolist"},"image":{"@id":"https:\/\/www.autolist.com.br\/blog\/#\/schema\/logo\/image\/"},"sameAs":["https:\/\/www.facebook.com\/autolistconsultasveiculares","https:\/\/www.instagram.com\/autolistcv\/"]},{"@type":"Person","@id":"https:\/\/www.autolist.com.br\/blog\/#\/schema\/person\/20624ab867cc62b0ef5e51f48121653d","name":"Let\u00edcia Bariviera","image":{"@type":"ImageObject","inLanguage":"pt-BR","@id":"https:\/\/www.autolist.com.br\/blog\/#\/schema\/person\/image\/","url":"https:\/\/secure.gravatar.com\/avatar\/805f672da9304da64bca1e55bc2e3b2ca7ab423b4210f8f80fb37bf9c13772c2?s=96&d=mm&r=g","contentUrl":"https:\/\/secure.gravatar.com\/avatar\/805f672da9304da64bca1e55bc2e3b2ca7ab423b4210f8f80fb37bf9c13772c2?s=96&d=mm&r=g","caption":"Let\u00edcia Bariviera"},"url":"https:\/\/www.autolist.com.br\/blog\/author\/leticia\/"}]}},"_links":{"self":[{"href":"https:\/\/www.autolist.com.br\/blog\/wp-json\/wp\/v2\/posts\/14074","targetHints":{"allow":["GET"]}}],"collection":[{"href":"https:\/\/www.autolist.com.br\/blog\/wp-json\/wp\/v2\/posts"}],"about":[{"href":"https:\/\/www.autolist.com.br\/blog\/wp-json\/wp\/v2\/types\/post"}],"author":[{"embeddable":true,"href":"https:\/\/www.autolist.com.br\/blog\/wp-json\/wp\/v2\/users\/4"}],"replies":[{"embeddable":true,"href":"https:\/\/www.autolist.com.br\/blog\/wp-json\/wp\/v2\/comments?post=14074"}],"version-history":[{"count":0,"href":"https:\/\/www.autolist.com.br\/blog\/wp-json\/wp\/v2\/posts\/14074\/revisions"}],"wp:featuredmedia":[{"embeddable":true,"href":"https:\/\/www.autolist.com.br\/blog\/wp-json\/wp\/v2\/media\/16502"}],"wp:attachment":[{"href":"https:\/\/www.autolist.com.br\/blog\/wp-json\/wp\/v2\/media?parent=14074"}],"wp:term":[{"taxonomy":"category","embeddable":true,"href":"https:\/\/www.autolist.com.br\/blog\/wp-json\/wp\/v2\/categories?post=14074"},{"taxonomy":"post_tag","embeddable":true,"href":"https:\/\/www.autolist.com.br\/blog\/wp-json\/wp\/v2\/tags?post=14074"}],"curies":[{"name":"wp","href":"https:\/\/api.w.org\/{rel}","templated":true}]}}