{"id":17055,"date":"2022-09-08T15:13:06","date_gmt":"2022-09-08T18:13:06","guid":{"rendered":"https:\/\/autolist.com.br\/?p=17055"},"modified":"2022-09-08T15:13:06","modified_gmt":"2022-09-08T18:13:06","slug":"conheca-o-veiculo-eletrico-compartilhado","status":"publish","type":"post","link":"https:\/\/www.autolist.com.br\/blog\/conheca-o-veiculo-eletrico-compartilhado\/","title":{"rendered":"<strong>Voc\u00ea j\u00e1 ouviu falar no ve\u00edculo el\u00e9trico compartilhado?<\/strong>\u00a0"},"content":{"rendered":"\n<p>A iniciativa foi desenvolvida pelo banco Ita\u00fa em 2021 e segue em fases de testes. O VEC \u2014 <strong>Ve\u00edculo El\u00e9trico Compartilhado<\/strong> \u2014 como \u00e9 chamado, tem previs\u00e3o de lan\u00e7amento para 2023.&nbsp;<\/p>\n\n\n\n<p>A alternativa de mobilidade tem a mesma ideia da bicicleta compartilhada, no entanto, a proposta \u00e9 oferecer mais fun\u00e7\u00f5es e possibilidades de uso ao motorista.&nbsp;<\/p>\n\n\n\n<p>Ficou curioso por esse projeto? Ent\u00e3o continue a leitura para saber mais!&nbsp;<\/p>\n\n\n\n<h2 class=\"wp-block-heading\">Entenda a proposta do ve\u00edculo el\u00e9trico compartilhado <\/h2>\n\n\n\n<p>O <strong>VEC Ita\u00fa<\/strong> foi dividido em etapas. A primeira, que ficou planejada para o segundo semestre deste ano, ter\u00e1 como foco inicial as empresas. Para pessoas f\u00edsicas, a expectativa se mant\u00e9m para o ano que vem.&nbsp;<\/p>\n\n\n\n<p>Rodnei Bernardino, respons\u00e1vel pela \u00e1rea de neg\u00f3cio de ve\u00edculo do Ita\u00fa, conta que n\u00e3o imaginou que a proposta do ve\u00edculo el\u00e9trico compartilhado atrairia p\u00fablico. No in\u00edcio, a ideia foi direcionada apenas para funcion\u00e1rios do pr\u00f3prio banco. Depois, outras empresas come\u00e7aram a&nbsp; procur\u00e1-lo com a inten\u00e7\u00e3o de oferecer o carro aos seus colaboradores. Exatamente por isso decidiram focar primeiramente em empresas.&nbsp;<\/p>\n\n\n\n<p>Segundo o executivo:<\/p>\n\n\n\n<blockquote class=\"wp-block-quote is-layout-flow wp-block-quote-is-layout-flow\">\n<p><em>&#8220;O VEC tamb\u00e9m vai incentivar o uso do ve\u00edculo el\u00e9trico, que ainda \u00e9 muito caro. Ou seja, vai permitir que mais pessoas utilizem esse tipo de carro, que \u00e9 mais sustent\u00e1vel, confort\u00e1vel, seguro e silencioso. Um aspecto interessante \u00e9 que o projeto atraiu muito mais empresas do que a gente imaginava. As montadoras querem expor seus ve\u00edculos. H\u00e1 locadoras e at\u00e9 supermercados e empresas do varejo. Estamos conversando com redes de estacionamentos, porque podemos instalar as esta\u00e7\u00f5es nesses locais, que s\u00e3o seguros e permitir\u00e3o que o cliente tenha uma boa experi\u00eancia.&#8221;<\/em><\/p>\n<\/blockquote>\n\n\n\n<p>(Leia mais sobre carros el\u00e9tricos em nossa mat\u00e9ria: <a href=\"https:\/\/autolist.com.br\/tudo-o-que-voce-precisa-saber-sobre-bateria-de-carro-eletrico\/\" target=\"_blank\" rel=\"noreferrer noopener\">Tudo que voc\u00ea precisa saber sobre bateria de carro el\u00e9trico<\/a>).<\/p>\n\n\n\n<figure class=\"wp-block-image size-full\"><a href=\"https:\/\/autolist.com.br\/leilao-prime\/\" target=\"_blank\" rel=\"noreferrer noopener\"><img loading=\"lazy\" decoding=\"async\" width=\"1000\" height=\"300\" src=\"https:\/\/www.autolist.com.br\/blog\/wp-content\/uploads\/2022\/09\/banner_blog_-_consulta_leilao_prime.png\" alt=\"\" class=\"wp-image-17057\" srcset=\"https:\/\/www.autolist.com.br\/blog\/wp-content\/uploads\/2022\/09\/banner_blog_-_consulta_leilao_prime.png 1000w, https:\/\/www.autolist.com.br\/blog\/wp-content\/uploads\/2022\/09\/banner_blog_-_consulta_leilao_prime-300x90.png 300w, https:\/\/www.autolist.com.br\/blog\/wp-content\/uploads\/2022\/09\/banner_blog_-_consulta_leilao_prime-768x230.png 768w\" sizes=\"auto, (max-width: 1000px) 100vw, 1000px\" \/><\/a><\/figure>\n\n\n\n<h2 class=\"wp-block-heading\">Como funciona o VEC?<\/h2>\n\n\n\n<p>O servi\u00e7o do VEC ser\u00e1 disponibilizado em S\u00e3o Paulo. Para utilizar, o usu\u00e1rio precisar\u00e1:<\/p>\n\n\n\n<ul class=\"wp-block-list\">\n<li>Baixar o aplicativo vec&nbsp;<\/li>\n\n\n\n<li>Realizar um cadastro&nbsp;<\/li>\n\n\n\n<li>Verificar os carros que est\u00e3o dispon\u00edveis na esta\u00e7\u00e3o e ir at\u00e9 l\u00e1&nbsp;<\/li>\n\n\n\n<li>Abrir as portas do ve\u00edculo pelo aplicativo e pronto!<\/li>\n<\/ul>\n\n\n\n<p>Os valores devem variar de acordo com o modelo do carro escolhido. A <strong>cobran\u00e7a ser\u00e1 feita por minuto,<\/strong> mas haver\u00e1 condi\u00e7\u00f5es espec\u00edficas para horas e dias.&nbsp;&nbsp;<\/p>\n\n\n\n<p>E ent\u00e3o, achou que este conte\u00fado foi \u00fatil? Para ler outros artigos como esse, n\u00e3o deixe de acompanhar nosso blog semanalmente e nos seguir nas redes sociais. At\u00e9 a pr\u00f3xima!<\/p>\n\n\n\n<p>Ficou com alguma d\u00favida? Escreva seu coment\u00e1rio aqui embaixo!<\/p>\n","protected":false},"excerpt":{"rendered":"<p>J\u00e1 ouviu falar no sistema de carro el\u00e9trico compartilhado? A seguir, entenda como vai funcionar essa proposta! <\/p>\n","protected":false},"author":4,"featured_media":17059,"comment_status":"closed","ping_status":"closed","sticky":false,"template":"","format":"standard","meta":{"footnotes":""},"categories":[9],"tags":[165,203,204],"class_list":["post-17055","post","type-post","status-publish","format-standard","has-post-thumbnail","hentry","category-todos","tag-carro-eletrico","tag-carro-eletrico-compartilhado","tag-vec"],"yoast_head":"<!-- This site is optimized with the Yoast SEO plugin v25.1 - https:\/\/yoast.com\/wordpress\/plugins\/seo\/ -->\n<title>Ve\u00edculo el\u00e9trico compartilhado: conhe\u00e7a a proposta!<\/title>\n<meta name=\"description\" content=\"J\u00e1 ouviu falar no sistema de ve\u00edculo el\u00e9trico compartilhado? A seguir, entenda como vai funcionar essa proposta!\" \/>\n<meta name=\"robots\" content=\"index, follow, max-snippet:-1, max-image-preview:large, max-video-preview:-1\" \/>\n<link rel=\"canonical\" href=\"https:\/\/www.autolist.com.br\/blog\/conheca-o-veiculo-eletrico-compartilhado\/\" \/>\n<meta property=\"og:locale\" content=\"pt_BR\" \/>\n<meta property=\"og:type\" content=\"article\" \/>\n<meta property=\"og:title\" content=\"Ve\u00edculo el\u00e9trico compartilhado: conhe\u00e7a a proposta!\" \/>\n<meta property=\"og:description\" content=\"J\u00e1 ouviu falar no sistema de ve\u00edculo el\u00e9trico compartilhado? A seguir, entenda como vai funcionar essa proposta!\" \/>\n<meta property=\"og:url\" content=\"https:\/\/www.autolist.com.br\/blog\/conheca-o-veiculo-eletrico-compartilhado\/\" \/>\n<meta property=\"og:site_name\" content=\"Blog - Autolist\" \/>\n<meta property=\"article:publisher\" content=\"https:\/\/www.facebook.com\/autolistconsultasveiculares\" \/>\n<meta property=\"article:published_time\" content=\"2022-09-08T18:13:06+00:00\" \/>\n<meta property=\"og:image\" content=\"https:\/\/www.autolist.com.br\/blog\/wp-content\/uploads\/2022\/09\/eletric-car.webp\" \/>\n\t<meta property=\"og:image:width\" content=\"1380\" \/>\n\t<meta property=\"og:image:height\" content=\"798\" \/>\n\t<meta property=\"og:image:type\" content=\"image\/webp\" \/>\n<meta name=\"author\" content=\"Let\u00edcia Bariviera\" \/>\n<meta name=\"twitter:card\" content=\"summary_large_image\" \/>\n<meta name=\"twitter:label1\" content=\"Escrito por\" \/>\n\t<meta name=\"twitter:data1\" content=\"Let\u00edcia Bariviera\" \/>\n\t<meta name=\"twitter:label2\" content=\"Est. tempo de leitura\" \/>\n\t<meta name=\"twitter:data2\" content=\"3 minutos\" \/>\n<script type=\"application\/ld+json\" class=\"yoast-schema-graph\">{\"@context\":\"https:\/\/schema.org\",\"@graph\":[{\"@type\":\"Article\",\"@id\":\"https:\/\/www.autolist.com.br\/blog\/conheca-o-veiculo-eletrico-compartilhado\/#article\",\"isPartOf\":{\"@id\":\"https:\/\/www.autolist.com.br\/blog\/conheca-o-veiculo-eletrico-compartilhado\/\"},\"author\":{\"name\":\"Let\u00edcia Bariviera\",\"@id\":\"https:\/\/www.autolist.com.br\/blog\/#\/schema\/person\/20624ab867cc62b0ef5e51f48121653d\"},\"headline\":\"Voc\u00ea j\u00e1 ouviu falar no ve\u00edculo el\u00e9trico compartilhado?\u00a0\",\"datePublished\":\"2022-09-08T18:13:06+00:00\",\"mainEntityOfPage\":{\"@id\":\"https:\/\/www.autolist.com.br\/blog\/conheca-o-veiculo-eletrico-compartilhado\/\"},\"wordCount\":458,\"publisher\":{\"@id\":\"https:\/\/www.autolist.com.br\/blog\/#organization\"},\"image\":{\"@id\":\"https:\/\/www.autolist.com.br\/blog\/conheca-o-veiculo-eletrico-compartilhado\/#primaryimage\"},\"thumbnailUrl\":\"https:\/\/www.autolist.com.br\/blog\/wp-content\/uploads\/2022\/09\/eletric-car.webp\",\"keywords\":[\"carro el\u00e9trico\",\"carro el\u00e9trico compartilhado\",\"VEC\"],\"articleSection\":[\"Todos\"],\"inLanguage\":\"pt-BR\"},{\"@type\":\"WebPage\",\"@id\":\"https:\/\/www.autolist.com.br\/blog\/conheca-o-veiculo-eletrico-compartilhado\/\",\"url\":\"https:\/\/www.autolist.com.br\/blog\/conheca-o-veiculo-eletrico-compartilhado\/\",\"name\":\"Ve\u00edculo el\u00e9trico compartilhado: conhe\u00e7a a proposta!\",\"isPartOf\":{\"@id\":\"https:\/\/www.autolist.com.br\/blog\/#website\"},\"primaryImageOfPage\":{\"@id\":\"https:\/\/www.autolist.com.br\/blog\/conheca-o-veiculo-eletrico-compartilhado\/#primaryimage\"},\"image\":{\"@id\":\"https:\/\/www.autolist.com.br\/blog\/conheca-o-veiculo-eletrico-compartilhado\/#primaryimage\"},\"thumbnailUrl\":\"https:\/\/www.autolist.com.br\/blog\/wp-content\/uploads\/2022\/09\/eletric-car.webp\",\"datePublished\":\"2022-09-08T18:13:06+00:00\",\"description\":\"J\u00e1 ouviu falar no sistema de ve\u00edculo el\u00e9trico compartilhado? A seguir, entenda como vai funcionar essa proposta!\",\"breadcrumb\":{\"@id\":\"https:\/\/www.autolist.com.br\/blog\/conheca-o-veiculo-eletrico-compartilhado\/#breadcrumb\"},\"inLanguage\":\"pt-BR\",\"potentialAction\":[{\"@type\":\"ReadAction\",\"target\":[\"https:\/\/www.autolist.com.br\/blog\/conheca-o-veiculo-eletrico-compartilhado\/\"]}]},{\"@type\":\"ImageObject\",\"inLanguage\":\"pt-BR\",\"@id\":\"https:\/\/www.autolist.com.br\/blog\/conheca-o-veiculo-eletrico-compartilhado\/#primaryimage\",\"url\":\"https:\/\/www.autolist.com.br\/blog\/wp-content\/uploads\/2022\/09\/eletric-car.webp\",\"contentUrl\":\"https:\/\/www.autolist.com.br\/blog\/wp-content\/uploads\/2022\/09\/eletric-car.webp\",\"width\":1380,\"height\":798},{\"@type\":\"BreadcrumbList\",\"@id\":\"https:\/\/www.autolist.com.br\/blog\/conheca-o-veiculo-eletrico-compartilhado\/#breadcrumb\",\"itemListElement\":[{\"@type\":\"ListItem\",\"position\":1,\"name\":\"In\u00edcio\",\"item\":\"https:\/\/www.autolist.com.br\/blog\/\"},{\"@type\":\"ListItem\",\"position\":2,\"name\":\"Voc\u00ea j\u00e1 ouviu falar no ve\u00edculo el\u00e9trico compartilhado?\u00a0\"}]},{\"@type\":\"WebSite\",\"@id\":\"https:\/\/www.autolist.com.br\/blog\/#website\",\"url\":\"https:\/\/www.autolist.com.br\/blog\/\",\"name\":\"Blog - Autolist\",\"description\":\"Consultas Veiculares\",\"publisher\":{\"@id\":\"https:\/\/www.autolist.com.br\/blog\/#organization\"},\"potentialAction\":[{\"@type\":\"SearchAction\",\"target\":{\"@type\":\"EntryPoint\",\"urlTemplate\":\"https:\/\/www.autolist.com.br\/blog\/?s={search_term_string}\"},\"query-input\":{\"@type\":\"PropertyValueSpecification\",\"valueRequired\":true,\"valueName\":\"search_term_string\"}}],\"inLanguage\":\"pt-BR\"},{\"@type\":\"Organization\",\"@id\":\"https:\/\/www.autolist.com.br\/blog\/#organization\",\"name\":\"Blog - Autolist\",\"url\":\"https:\/\/www.autolist.com.br\/blog\/\",\"logo\":{\"@type\":\"ImageObject\",\"inLanguage\":\"pt-BR\",\"@id\":\"https:\/\/www.autolist.com.br\/blog\/#\/schema\/logo\/image\/\",\"url\":\"https:\/\/www.autolist.com.br\/blog\/wp-content\/uploads\/2024\/05\/Logo-Horizontal.png\",\"contentUrl\":\"https:\/\/www.autolist.com.br\/blog\/wp-content\/uploads\/2024\/05\/Logo-Horizontal.png\",\"width\":237,\"height\":60,\"caption\":\"Blog - Autolist\"},\"image\":{\"@id\":\"https:\/\/www.autolist.com.br\/blog\/#\/schema\/logo\/image\/\"},\"sameAs\":[\"https:\/\/www.facebook.com\/autolistconsultasveiculares\",\"https:\/\/www.instagram.com\/autolistcv\/\"]},{\"@type\":\"Person\",\"@id\":\"https:\/\/www.autolist.com.br\/blog\/#\/schema\/person\/20624ab867cc62b0ef5e51f48121653d\",\"name\":\"Let\u00edcia Bariviera\",\"image\":{\"@type\":\"ImageObject\",\"inLanguage\":\"pt-BR\",\"@id\":\"https:\/\/www.autolist.com.br\/blog\/#\/schema\/person\/image\/\",\"url\":\"https:\/\/secure.gravatar.com\/avatar\/805f672da9304da64bca1e55bc2e3b2ca7ab423b4210f8f80fb37bf9c13772c2?s=96&d=mm&r=g\",\"contentUrl\":\"https:\/\/secure.gravatar.com\/avatar\/805f672da9304da64bca1e55bc2e3b2ca7ab423b4210f8f80fb37bf9c13772c2?s=96&d=mm&r=g\",\"caption\":\"Let\u00edcia Bariviera\"},\"url\":\"https:\/\/www.autolist.com.br\/blog\/author\/leticia\/\"}]}<\/script>\n<!-- \/ Yoast SEO plugin. -->","yoast_head_json":{"title":"Ve\u00edculo el\u00e9trico compartilhado: conhe\u00e7a a proposta!","description":"J\u00e1 ouviu falar no sistema de ve\u00edculo el\u00e9trico compartilhado? A seguir, entenda como vai funcionar essa proposta!","robots":{"index":"index","follow":"follow","max-snippet":"max-snippet:-1","max-image-preview":"max-image-preview:large","max-video-preview":"max-video-preview:-1"},"canonical":"https:\/\/www.autolist.com.br\/blog\/conheca-o-veiculo-eletrico-compartilhado\/","og_locale":"pt_BR","og_type":"article","og_title":"Ve\u00edculo el\u00e9trico compartilhado: conhe\u00e7a a proposta!","og_description":"J\u00e1 ouviu falar no sistema de ve\u00edculo el\u00e9trico compartilhado? A seguir, entenda como vai funcionar essa proposta!","og_url":"https:\/\/www.autolist.com.br\/blog\/conheca-o-veiculo-eletrico-compartilhado\/","og_site_name":"Blog - Autolist","article_publisher":"https:\/\/www.facebook.com\/autolistconsultasveiculares","article_published_time":"2022-09-08T18:13:06+00:00","og_image":[{"width":1380,"height":798,"url":"https:\/\/www.autolist.com.br\/blog\/wp-content\/uploads\/2022\/09\/eletric-car.webp","type":"image\/webp"}],"author":"Let\u00edcia Bariviera","twitter_card":"summary_large_image","twitter_misc":{"Escrito por":"Let\u00edcia Bariviera","Est. tempo de leitura":"3 minutos"},"schema":{"@context":"https:\/\/schema.org","@graph":[{"@type":"Article","@id":"https:\/\/www.autolist.com.br\/blog\/conheca-o-veiculo-eletrico-compartilhado\/#article","isPartOf":{"@id":"https:\/\/www.autolist.com.br\/blog\/conheca-o-veiculo-eletrico-compartilhado\/"},"author":{"name":"Let\u00edcia Bariviera","@id":"https:\/\/www.autolist.com.br\/blog\/#\/schema\/person\/20624ab867cc62b0ef5e51f48121653d"},"headline":"Voc\u00ea j\u00e1 ouviu falar no ve\u00edculo el\u00e9trico compartilhado?\u00a0","datePublished":"2022-09-08T18:13:06+00:00","mainEntityOfPage":{"@id":"https:\/\/www.autolist.com.br\/blog\/conheca-o-veiculo-eletrico-compartilhado\/"},"wordCount":458,"publisher":{"@id":"https:\/\/www.autolist.com.br\/blog\/#organization"},"image":{"@id":"https:\/\/www.autolist.com.br\/blog\/conheca-o-veiculo-eletrico-compartilhado\/#primaryimage"},"thumbnailUrl":"https:\/\/www.autolist.com.br\/blog\/wp-content\/uploads\/2022\/09\/eletric-car.webp","keywords":["carro el\u00e9trico","carro el\u00e9trico compartilhado","VEC"],"articleSection":["Todos"],"inLanguage":"pt-BR"},{"@type":"WebPage","@id":"https:\/\/www.autolist.com.br\/blog\/conheca-o-veiculo-eletrico-compartilhado\/","url":"https:\/\/www.autolist.com.br\/blog\/conheca-o-veiculo-eletrico-compartilhado\/","name":"Ve\u00edculo el\u00e9trico compartilhado: conhe\u00e7a a proposta!","isPartOf":{"@id":"https:\/\/www.autolist.com.br\/blog\/#website"},"primaryImageOfPage":{"@id":"https:\/\/www.autolist.com.br\/blog\/conheca-o-veiculo-eletrico-compartilhado\/#primaryimage"},"image":{"@id":"https:\/\/www.autolist.com.br\/blog\/conheca-o-veiculo-eletrico-compartilhado\/#primaryimage"},"thumbnailUrl":"https:\/\/www.autolist.com.br\/blog\/wp-content\/uploads\/2022\/09\/eletric-car.webp","datePublished":"2022-09-08T18:13:06+00:00","description":"J\u00e1 ouviu falar no sistema de ve\u00edculo el\u00e9trico compartilhado? A seguir, entenda como vai funcionar essa proposta!","breadcrumb":{"@id":"https:\/\/www.autolist.com.br\/blog\/conheca-o-veiculo-eletrico-compartilhado\/#breadcrumb"},"inLanguage":"pt-BR","potentialAction":[{"@type":"ReadAction","target":["https:\/\/www.autolist.com.br\/blog\/conheca-o-veiculo-eletrico-compartilhado\/"]}]},{"@type":"ImageObject","inLanguage":"pt-BR","@id":"https:\/\/www.autolist.com.br\/blog\/conheca-o-veiculo-eletrico-compartilhado\/#primaryimage","url":"https:\/\/www.autolist.com.br\/blog\/wp-content\/uploads\/2022\/09\/eletric-car.webp","contentUrl":"https:\/\/www.autolist.com.br\/blog\/wp-content\/uploads\/2022\/09\/eletric-car.webp","width":1380,"height":798},{"@type":"BreadcrumbList","@id":"https:\/\/www.autolist.com.br\/blog\/conheca-o-veiculo-eletrico-compartilhado\/#breadcrumb","itemListElement":[{"@type":"ListItem","position":1,"name":"In\u00edcio","item":"https:\/\/www.autolist.com.br\/blog\/"},{"@type":"ListItem","position":2,"name":"Voc\u00ea j\u00e1 ouviu falar no ve\u00edculo el\u00e9trico compartilhado?\u00a0"}]},{"@type":"WebSite","@id":"https:\/\/www.autolist.com.br\/blog\/#website","url":"https:\/\/www.autolist.com.br\/blog\/","name":"Blog - Autolist","description":"Consultas Veiculares","publisher":{"@id":"https:\/\/www.autolist.com.br\/blog\/#organization"},"potentialAction":[{"@type":"SearchAction","target":{"@type":"EntryPoint","urlTemplate":"https:\/\/www.autolist.com.br\/blog\/?s={search_term_string}"},"query-input":{"@type":"PropertyValueSpecification","valueRequired":true,"valueName":"search_term_string"}}],"inLanguage":"pt-BR"},{"@type":"Organization","@id":"https:\/\/www.autolist.com.br\/blog\/#organization","name":"Blog - Autolist","url":"https:\/\/www.autolist.com.br\/blog\/","logo":{"@type":"ImageObject","inLanguage":"pt-BR","@id":"https:\/\/www.autolist.com.br\/blog\/#\/schema\/logo\/image\/","url":"https:\/\/www.autolist.com.br\/blog\/wp-content\/uploads\/2024\/05\/Logo-Horizontal.png","contentUrl":"https:\/\/www.autolist.com.br\/blog\/wp-content\/uploads\/2024\/05\/Logo-Horizontal.png","width":237,"height":60,"caption":"Blog - Autolist"},"image":{"@id":"https:\/\/www.autolist.com.br\/blog\/#\/schema\/logo\/image\/"},"sameAs":["https:\/\/www.facebook.com\/autolistconsultasveiculares","https:\/\/www.instagram.com\/autolistcv\/"]},{"@type":"Person","@id":"https:\/\/www.autolist.com.br\/blog\/#\/schema\/person\/20624ab867cc62b0ef5e51f48121653d","name":"Let\u00edcia Bariviera","image":{"@type":"ImageObject","inLanguage":"pt-BR","@id":"https:\/\/www.autolist.com.br\/blog\/#\/schema\/person\/image\/","url":"https:\/\/secure.gravatar.com\/avatar\/805f672da9304da64bca1e55bc2e3b2ca7ab423b4210f8f80fb37bf9c13772c2?s=96&d=mm&r=g","contentUrl":"https:\/\/secure.gravatar.com\/avatar\/805f672da9304da64bca1e55bc2e3b2ca7ab423b4210f8f80fb37bf9c13772c2?s=96&d=mm&r=g","caption":"Let\u00edcia Bariviera"},"url":"https:\/\/www.autolist.com.br\/blog\/author\/leticia\/"}]}},"_links":{"self":[{"href":"https:\/\/www.autolist.com.br\/blog\/wp-json\/wp\/v2\/posts\/17055","targetHints":{"allow":["GET"]}}],"collection":[{"href":"https:\/\/www.autolist.com.br\/blog\/wp-json\/wp\/v2\/posts"}],"about":[{"href":"https:\/\/www.autolist.com.br\/blog\/wp-json\/wp\/v2\/types\/post"}],"author":[{"embeddable":true,"href":"https:\/\/www.autolist.com.br\/blog\/wp-json\/wp\/v2\/users\/4"}],"replies":[{"embeddable":true,"href":"https:\/\/www.autolist.com.br\/blog\/wp-json\/wp\/v2\/comments?post=17055"}],"version-history":[{"count":0,"href":"https:\/\/www.autolist.com.br\/blog\/wp-json\/wp\/v2\/posts\/17055\/revisions"}],"wp:featuredmedia":[{"embeddable":true,"href":"https:\/\/www.autolist.com.br\/blog\/wp-json\/wp\/v2\/media\/17059"}],"wp:attachment":[{"href":"https:\/\/www.autolist.com.br\/blog\/wp-json\/wp\/v2\/media?parent=17055"}],"wp:term":[{"taxonomy":"category","embeddable":true,"href":"https:\/\/www.autolist.com.br\/blog\/wp-json\/wp\/v2\/categories?post=17055"},{"taxonomy":"post_tag","embeddable":true,"href":"https:\/\/www.autolist.com.br\/blog\/wp-json\/wp\/v2\/tags?post=17055"}],"curies":[{"name":"wp","href":"https:\/\/api.w.org\/{rel}","templated":true}]}}