{"id":17218,"date":"2022-10-06T14:40:57","date_gmt":"2022-10-06T17:40:57","guid":{"rendered":"https:\/\/autolist.com.br\/?p=17218"},"modified":"2022-10-06T14:40:57","modified_gmt":"2022-10-06T17:40:57","slug":"carros-eletricos-terao-desconto-de-50-no-ipva-em-sp","status":"publish","type":"post","link":"https:\/\/www.autolist.com.br\/blog\/carros-eletricos-terao-desconto-de-50-no-ipva-em-sp\/","title":{"rendered":"<strong>Carros el\u00e9tricos ganham desconto de 50% no IPVA em SP<\/strong>"},"content":{"rendered":"\n<p>A prefeitura de S\u00e3o Paulo anunciou que os propriet\u00e1rios de <strong>ve\u00edculos el\u00e9tricos e h\u00edbridos ter\u00e3o um desconto maior no <\/strong><a href=\"https:\/\/autolist.com.br\/ipva-2022-saiba-mais\/\" target=\"_blank\" rel=\"noreferrer noopener\"><strong>IPVA<\/strong> <\/a>(Imposto sobre a Propriedade de Ve\u00edculos Automotores).&nbsp;<\/p>\n\n\n\n<p>No fim de setembro, o prefeito Ricardo Nunes assinou o documento de amplia\u00e7\u00e3o do incentivo para carros el\u00e9tricos, h\u00edbridos ou a hidrog\u00eanio no estado. Desde 2014, j\u00e1 \u00e9 oferecido um desconto para os modelos eletrificados que s\u00e3o emplacados por l\u00e1, no entanto, esse valor aumentou.&nbsp;<\/p>\n\n\n\n<p>Para saber mais sobre a novidade, continue a leitura deste post!&nbsp;<\/p>\n\n\n\n<h2 class=\"wp-block-heading\"><strong>Carros el\u00e9tricos ganham desconto de 50% no IPVA em SP: entenda!&nbsp;<\/strong><\/h2>\n\n\n\n<p>O desconto que j\u00e1 era concedido desde 2014, mas em um percentual mais baixo, passou para 50%. A novidade \u00e9 que essa porcentagem independe do valor do ve\u00edculo.&nbsp;<\/p>\n\n\n\n<p>Antes, esse benef\u00edcio era v\u00e1lido somente para carros de at\u00e9 R$150 mil. Agora, qualquer <a href=\"https:\/\/autolist.com.br\/carro-hibrido-ou-eletrico-qual-o-melhor\/\" target=\"_blank\" rel=\"noreferrer noopener\">carro h\u00edbrido ou el\u00e9trico<\/a> pode usufruir dessa dedu\u00e7\u00e3o de custo. Seguindo a nova norma, os donos dos autom\u00f3veis el\u00e9tricos podem ser restitu\u00eddos com at\u00e9 R$3.300.&nbsp;<\/p>\n\n\n\n<p>Como disse Nunes, na abertura do 30\u00b0 Congresso e ExpoFenabrave, que aconteceu nos dias 21 e 22 de setembro:<br><br><em>\u201cA prefeitura de S\u00e3o Paulo est\u00e1 abrindo m\u00e3o de sua cota do IPVA para ve\u00edculos el\u00e9tricos. Pessoas que adquirirem ve\u00edculos el\u00e9tricos na cidade de S\u00e3o Paulo, e que os emplacarem aqui, ter\u00e3o direito ao desconto da parte que caberia ao munic\u00edpio\u201d, disse Nunes, na abertura do 30\u00ba Congresso e Expo Fenabrave (Federa\u00e7\u00e3o Nacional da Distribui\u00e7\u00e3o de Ve\u00edculos Automotores).&nbsp;<\/em><\/p>\n\n\n\n<p>Quer dizer que a prefeitura de S\u00e3o Paulo n\u00e3o ficar\u00e1 com os 50% do imposto ao qual tem direito.&nbsp;<\/p>\n\n\n\n<figure class=\"wp-block-image size-full\"><a href=\"https:\/\/autolist.com.br\/recall\/\" target=\"_blank\" rel=\"noreferrer noopener\"><img loading=\"lazy\" decoding=\"async\" width=\"1000\" height=\"300\" src=\"https:\/\/www.autolist.com.br\/blog\/wp-content\/uploads\/2022\/10\/banner_blog_-_consulta_recall.png\" alt=\"\" class=\"wp-image-17224\" srcset=\"https:\/\/www.autolist.com.br\/blog\/wp-content\/uploads\/2022\/10\/banner_blog_-_consulta_recall.png 1000w, https:\/\/www.autolist.com.br\/blog\/wp-content\/uploads\/2022\/10\/banner_blog_-_consulta_recall-300x90.png 300w, https:\/\/www.autolist.com.br\/blog\/wp-content\/uploads\/2022\/10\/banner_blog_-_consulta_recall-768x230.png 768w\" sizes=\"auto, (max-width: 1000px) 100vw, 1000px\" \/><\/a><\/figure>\n\n\n\n<p>O objetivo dessa redu\u00e7\u00e3o no imposto \u00e9 <strong>estimular a eletrifica\u00e7\u00e3o da frota urbana<\/strong> e conquistar uma cidade mais limpa em rela\u00e7\u00e3o \u00e0 emiss\u00e3o de gases poluentes, como os que s\u00e3o liberados pelos carros movidos a combust\u00e3o.&nbsp;<\/p>\n\n\n\n<p>Entre os principais agentes poluentes emitidos pelos combust\u00edveis f\u00f3sseis, est\u00e3o:&nbsp;<\/p>\n\n\n\n<p>Mon\u00f3xido de carbono (CO), \u00f3xidos de nitrog\u00eanio (NOx), hidrocarbonetos (HC), \u00f3xidos de enxofre (SOx), material particulado (MP), entre outros.&nbsp;<\/p>\n\n\n\n<h2 class=\"wp-block-heading\"><strong>Os planos para o futuro\u2026&nbsp;<\/strong><\/h2>\n\n\n\n<p>Os planos para a expans\u00e3o da eletrifica\u00e7\u00e3o n\u00e3o s\u00e3o somente para os ve\u00edculos particulares. Ricardo Nunes tamb\u00e9m compartilhou sua expectativa de <strong>substituir pelo menos 30% da frota de \u00f4nibus a diesel<\/strong> da capital Paulista <strong>por \u00f4nibus el\u00e9tricos<\/strong>, a partir de 2024.&nbsp;<\/p>\n\n\n\n<p>Apesar de haver muito caminho pela frente, principalmente por conta dos pre\u00e7os, os autom\u00f3veis el\u00e9tricos est\u00e3o chegando ao mercado brasileiro aos poucos. Espera-se que esses valores se tornem mais acess\u00edveis \u00e0 medida que a tecnologia avan\u00e7a e a popularidade aumenta.&nbsp;<\/p>\n\n\n\n<p>E ent\u00e3o, gostou deste conte\u00fado? Acesse nosso blog para conferir outros materiais como esse!<\/p>\n\n\n\n<p>Ficou com alguma d\u00favida? Deixe seu coment\u00e1rio aqui embaixo!&nbsp;<\/p>\n","protected":false},"excerpt":{"rendered":"<p>O prefeito Ricardo Nunes anunciou que os carros el\u00e9tricos ter\u00e3o desconto de 50% no IPVA em SP. Saiba mais sobre o assunto!<\/p>\n","protected":false},"author":4,"featured_media":17227,"comment_status":"closed","ping_status":"closed","sticky":false,"template":"","format":"standard","meta":{"footnotes":""},"categories":[3],"tags":[113,135],"class_list":["post-17218","post","type-post","status-publish","format-standard","has-post-thumbnail","hentry","category-analise-veicular","tag-carros-eletricos","tag-ipva"],"yoast_head":"<!-- This site is optimized with the Yoast SEO plugin v25.1 - https:\/\/yoast.com\/wordpress\/plugins\/seo\/ -->\n<title>Carros el\u00e9tricos ter\u00e3o desconto de 50% no IPVA em SP: entenda<\/title>\n<meta name=\"description\" content=\"O prefeito Ricardo Nunes anunciou que os carros el\u00e9tricos ter\u00e3o desconto de 50% no IPVA em SP. Saiba mais sobre o assunto!\" \/>\n<meta name=\"robots\" content=\"index, follow, max-snippet:-1, max-image-preview:large, max-video-preview:-1\" \/>\n<link rel=\"canonical\" href=\"https:\/\/www.autolist.com.br\/blog\/carros-eletricos-terao-desconto-de-50-no-ipva-em-sp\/\" \/>\n<meta property=\"og:locale\" content=\"pt_BR\" \/>\n<meta property=\"og:type\" content=\"article\" \/>\n<meta property=\"og:title\" content=\"Carros el\u00e9tricos ter\u00e3o desconto de 50% no IPVA em SP: entenda\" \/>\n<meta property=\"og:description\" content=\"O prefeito Ricardo Nunes anunciou que os carros el\u00e9tricos ter\u00e3o desconto de 50% no IPVA em SP. Saiba mais sobre o assunto!\" \/>\n<meta property=\"og:url\" content=\"https:\/\/www.autolist.com.br\/blog\/carros-eletricos-terao-desconto-de-50-no-ipva-em-sp\/\" \/>\n<meta property=\"og:site_name\" content=\"Blog - Autolist\" \/>\n<meta property=\"article:publisher\" content=\"https:\/\/www.facebook.com\/autolistconsultasveiculares\" \/>\n<meta property=\"article:published_time\" content=\"2022-10-06T17:40:57+00:00\" \/>\n<meta property=\"og:image\" content=\"https:\/\/www.autolist.com.br\/blog\/wp-content\/uploads\/2022\/10\/plugged-chargers-into-two-electric-cars-charge-station-1.jpg\" \/>\n\t<meta property=\"og:image:width\" content=\"1920\" \/>\n\t<meta property=\"og:image:height\" content=\"1080\" \/>\n\t<meta property=\"og:image:type\" content=\"image\/jpeg\" \/>\n<meta name=\"author\" content=\"Let\u00edcia Bariviera\" \/>\n<meta name=\"twitter:card\" content=\"summary_large_image\" \/>\n<meta name=\"twitter:label1\" content=\"Escrito por\" \/>\n\t<meta name=\"twitter:data1\" content=\"Let\u00edcia Bariviera\" \/>\n\t<meta name=\"twitter:label2\" content=\"Est. tempo de leitura\" \/>\n\t<meta name=\"twitter:data2\" content=\"3 minutos\" \/>\n<script type=\"application\/ld+json\" class=\"yoast-schema-graph\">{\"@context\":\"https:\/\/schema.org\",\"@graph\":[{\"@type\":\"Article\",\"@id\":\"https:\/\/www.autolist.com.br\/blog\/carros-eletricos-terao-desconto-de-50-no-ipva-em-sp\/#article\",\"isPartOf\":{\"@id\":\"https:\/\/www.autolist.com.br\/blog\/carros-eletricos-terao-desconto-de-50-no-ipva-em-sp\/\"},\"author\":{\"name\":\"Let\u00edcia Bariviera\",\"@id\":\"https:\/\/www.autolist.com.br\/blog\/#\/schema\/person\/20624ab867cc62b0ef5e51f48121653d\"},\"headline\":\"Carros el\u00e9tricos ganham desconto de 50% no IPVA em SP\",\"datePublished\":\"2022-10-06T17:40:57+00:00\",\"mainEntityOfPage\":{\"@id\":\"https:\/\/www.autolist.com.br\/blog\/carros-eletricos-terao-desconto-de-50-no-ipva-em-sp\/\"},\"wordCount\":504,\"publisher\":{\"@id\":\"https:\/\/www.autolist.com.br\/blog\/#organization\"},\"image\":{\"@id\":\"https:\/\/www.autolist.com.br\/blog\/carros-eletricos-terao-desconto-de-50-no-ipva-em-sp\/#primaryimage\"},\"thumbnailUrl\":\"https:\/\/www.autolist.com.br\/blog\/wp-content\/uploads\/2022\/10\/plugged-chargers-into-two-electric-cars-charge-station-1.jpg\",\"keywords\":[\"carros el\u00e9tricos\",\"ipva\"],\"articleSection\":[\"An\u00e1lise Veicular\"],\"inLanguage\":\"pt-BR\"},{\"@type\":\"WebPage\",\"@id\":\"https:\/\/www.autolist.com.br\/blog\/carros-eletricos-terao-desconto-de-50-no-ipva-em-sp\/\",\"url\":\"https:\/\/www.autolist.com.br\/blog\/carros-eletricos-terao-desconto-de-50-no-ipva-em-sp\/\",\"name\":\"Carros el\u00e9tricos ter\u00e3o desconto de 50% no IPVA em SP: entenda\",\"isPartOf\":{\"@id\":\"https:\/\/www.autolist.com.br\/blog\/#website\"},\"primaryImageOfPage\":{\"@id\":\"https:\/\/www.autolist.com.br\/blog\/carros-eletricos-terao-desconto-de-50-no-ipva-em-sp\/#primaryimage\"},\"image\":{\"@id\":\"https:\/\/www.autolist.com.br\/blog\/carros-eletricos-terao-desconto-de-50-no-ipva-em-sp\/#primaryimage\"},\"thumbnailUrl\":\"https:\/\/www.autolist.com.br\/blog\/wp-content\/uploads\/2022\/10\/plugged-chargers-into-two-electric-cars-charge-station-1.jpg\",\"datePublished\":\"2022-10-06T17:40:57+00:00\",\"description\":\"O prefeito Ricardo Nunes anunciou que os carros el\u00e9tricos ter\u00e3o desconto de 50% no IPVA em SP. Saiba mais sobre o assunto!\",\"breadcrumb\":{\"@id\":\"https:\/\/www.autolist.com.br\/blog\/carros-eletricos-terao-desconto-de-50-no-ipva-em-sp\/#breadcrumb\"},\"inLanguage\":\"pt-BR\",\"potentialAction\":[{\"@type\":\"ReadAction\",\"target\":[\"https:\/\/www.autolist.com.br\/blog\/carros-eletricos-terao-desconto-de-50-no-ipva-em-sp\/\"]}]},{\"@type\":\"ImageObject\",\"inLanguage\":\"pt-BR\",\"@id\":\"https:\/\/www.autolist.com.br\/blog\/carros-eletricos-terao-desconto-de-50-no-ipva-em-sp\/#primaryimage\",\"url\":\"https:\/\/www.autolist.com.br\/blog\/wp-content\/uploads\/2022\/10\/plugged-chargers-into-two-electric-cars-charge-station-1.jpg\",\"contentUrl\":\"https:\/\/www.autolist.com.br\/blog\/wp-content\/uploads\/2022\/10\/plugged-chargers-into-two-electric-cars-charge-station-1.jpg\",\"width\":1920,\"height\":1080},{\"@type\":\"BreadcrumbList\",\"@id\":\"https:\/\/www.autolist.com.br\/blog\/carros-eletricos-terao-desconto-de-50-no-ipva-em-sp\/#breadcrumb\",\"itemListElement\":[{\"@type\":\"ListItem\",\"position\":1,\"name\":\"In\u00edcio\",\"item\":\"https:\/\/www.autolist.com.br\/blog\/\"},{\"@type\":\"ListItem\",\"position\":2,\"name\":\"Carros el\u00e9tricos ganham desconto de 50% no IPVA em SP\"}]},{\"@type\":\"WebSite\",\"@id\":\"https:\/\/www.autolist.com.br\/blog\/#website\",\"url\":\"https:\/\/www.autolist.com.br\/blog\/\",\"name\":\"Blog - Autolist\",\"description\":\"Consultas Veiculares\",\"publisher\":{\"@id\":\"https:\/\/www.autolist.com.br\/blog\/#organization\"},\"potentialAction\":[{\"@type\":\"SearchAction\",\"target\":{\"@type\":\"EntryPoint\",\"urlTemplate\":\"https:\/\/www.autolist.com.br\/blog\/?s={search_term_string}\"},\"query-input\":{\"@type\":\"PropertyValueSpecification\",\"valueRequired\":true,\"valueName\":\"search_term_string\"}}],\"inLanguage\":\"pt-BR\"},{\"@type\":\"Organization\",\"@id\":\"https:\/\/www.autolist.com.br\/blog\/#organization\",\"name\":\"Blog - Autolist\",\"url\":\"https:\/\/www.autolist.com.br\/blog\/\",\"logo\":{\"@type\":\"ImageObject\",\"inLanguage\":\"pt-BR\",\"@id\":\"https:\/\/www.autolist.com.br\/blog\/#\/schema\/logo\/image\/\",\"url\":\"https:\/\/www.autolist.com.br\/blog\/wp-content\/uploads\/2024\/05\/Logo-Horizontal.png\",\"contentUrl\":\"https:\/\/www.autolist.com.br\/blog\/wp-content\/uploads\/2024\/05\/Logo-Horizontal.png\",\"width\":237,\"height\":60,\"caption\":\"Blog - Autolist\"},\"image\":{\"@id\":\"https:\/\/www.autolist.com.br\/blog\/#\/schema\/logo\/image\/\"},\"sameAs\":[\"https:\/\/www.facebook.com\/autolistconsultasveiculares\",\"https:\/\/www.instagram.com\/autolistcv\/\"]},{\"@type\":\"Person\",\"@id\":\"https:\/\/www.autolist.com.br\/blog\/#\/schema\/person\/20624ab867cc62b0ef5e51f48121653d\",\"name\":\"Let\u00edcia Bariviera\",\"image\":{\"@type\":\"ImageObject\",\"inLanguage\":\"pt-BR\",\"@id\":\"https:\/\/www.autolist.com.br\/blog\/#\/schema\/person\/image\/\",\"url\":\"https:\/\/secure.gravatar.com\/avatar\/805f672da9304da64bca1e55bc2e3b2ca7ab423b4210f8f80fb37bf9c13772c2?s=96&d=mm&r=g\",\"contentUrl\":\"https:\/\/secure.gravatar.com\/avatar\/805f672da9304da64bca1e55bc2e3b2ca7ab423b4210f8f80fb37bf9c13772c2?s=96&d=mm&r=g\",\"caption\":\"Let\u00edcia Bariviera\"},\"url\":\"https:\/\/www.autolist.com.br\/blog\/author\/leticia\/\"}]}<\/script>\n<!-- \/ Yoast SEO plugin. -->","yoast_head_json":{"title":"Carros el\u00e9tricos ter\u00e3o desconto de 50% no IPVA em SP: entenda","description":"O prefeito Ricardo Nunes anunciou que os carros el\u00e9tricos ter\u00e3o desconto de 50% no IPVA em SP. Saiba mais sobre o assunto!","robots":{"index":"index","follow":"follow","max-snippet":"max-snippet:-1","max-image-preview":"max-image-preview:large","max-video-preview":"max-video-preview:-1"},"canonical":"https:\/\/www.autolist.com.br\/blog\/carros-eletricos-terao-desconto-de-50-no-ipva-em-sp\/","og_locale":"pt_BR","og_type":"article","og_title":"Carros el\u00e9tricos ter\u00e3o desconto de 50% no IPVA em SP: entenda","og_description":"O prefeito Ricardo Nunes anunciou que os carros el\u00e9tricos ter\u00e3o desconto de 50% no IPVA em SP. Saiba mais sobre o assunto!","og_url":"https:\/\/www.autolist.com.br\/blog\/carros-eletricos-terao-desconto-de-50-no-ipva-em-sp\/","og_site_name":"Blog - Autolist","article_publisher":"https:\/\/www.facebook.com\/autolistconsultasveiculares","article_published_time":"2022-10-06T17:40:57+00:00","og_image":[{"width":1920,"height":1080,"url":"https:\/\/www.autolist.com.br\/blog\/wp-content\/uploads\/2022\/10\/plugged-chargers-into-two-electric-cars-charge-station-1.jpg","type":"image\/jpeg"}],"author":"Let\u00edcia Bariviera","twitter_card":"summary_large_image","twitter_misc":{"Escrito por":"Let\u00edcia Bariviera","Est. tempo de leitura":"3 minutos"},"schema":{"@context":"https:\/\/schema.org","@graph":[{"@type":"Article","@id":"https:\/\/www.autolist.com.br\/blog\/carros-eletricos-terao-desconto-de-50-no-ipva-em-sp\/#article","isPartOf":{"@id":"https:\/\/www.autolist.com.br\/blog\/carros-eletricos-terao-desconto-de-50-no-ipva-em-sp\/"},"author":{"name":"Let\u00edcia Bariviera","@id":"https:\/\/www.autolist.com.br\/blog\/#\/schema\/person\/20624ab867cc62b0ef5e51f48121653d"},"headline":"Carros el\u00e9tricos ganham desconto de 50% no IPVA em SP","datePublished":"2022-10-06T17:40:57+00:00","mainEntityOfPage":{"@id":"https:\/\/www.autolist.com.br\/blog\/carros-eletricos-terao-desconto-de-50-no-ipva-em-sp\/"},"wordCount":504,"publisher":{"@id":"https:\/\/www.autolist.com.br\/blog\/#organization"},"image":{"@id":"https:\/\/www.autolist.com.br\/blog\/carros-eletricos-terao-desconto-de-50-no-ipva-em-sp\/#primaryimage"},"thumbnailUrl":"https:\/\/www.autolist.com.br\/blog\/wp-content\/uploads\/2022\/10\/plugged-chargers-into-two-electric-cars-charge-station-1.jpg","keywords":["carros el\u00e9tricos","ipva"],"articleSection":["An\u00e1lise Veicular"],"inLanguage":"pt-BR"},{"@type":"WebPage","@id":"https:\/\/www.autolist.com.br\/blog\/carros-eletricos-terao-desconto-de-50-no-ipva-em-sp\/","url":"https:\/\/www.autolist.com.br\/blog\/carros-eletricos-terao-desconto-de-50-no-ipva-em-sp\/","name":"Carros el\u00e9tricos ter\u00e3o desconto de 50% no IPVA em SP: entenda","isPartOf":{"@id":"https:\/\/www.autolist.com.br\/blog\/#website"},"primaryImageOfPage":{"@id":"https:\/\/www.autolist.com.br\/blog\/carros-eletricos-terao-desconto-de-50-no-ipva-em-sp\/#primaryimage"},"image":{"@id":"https:\/\/www.autolist.com.br\/blog\/carros-eletricos-terao-desconto-de-50-no-ipva-em-sp\/#primaryimage"},"thumbnailUrl":"https:\/\/www.autolist.com.br\/blog\/wp-content\/uploads\/2022\/10\/plugged-chargers-into-two-electric-cars-charge-station-1.jpg","datePublished":"2022-10-06T17:40:57+00:00","description":"O prefeito Ricardo Nunes anunciou que os carros el\u00e9tricos ter\u00e3o desconto de 50% no IPVA em SP. Saiba mais sobre o assunto!","breadcrumb":{"@id":"https:\/\/www.autolist.com.br\/blog\/carros-eletricos-terao-desconto-de-50-no-ipva-em-sp\/#breadcrumb"},"inLanguage":"pt-BR","potentialAction":[{"@type":"ReadAction","target":["https:\/\/www.autolist.com.br\/blog\/carros-eletricos-terao-desconto-de-50-no-ipva-em-sp\/"]}]},{"@type":"ImageObject","inLanguage":"pt-BR","@id":"https:\/\/www.autolist.com.br\/blog\/carros-eletricos-terao-desconto-de-50-no-ipva-em-sp\/#primaryimage","url":"https:\/\/www.autolist.com.br\/blog\/wp-content\/uploads\/2022\/10\/plugged-chargers-into-two-electric-cars-charge-station-1.jpg","contentUrl":"https:\/\/www.autolist.com.br\/blog\/wp-content\/uploads\/2022\/10\/plugged-chargers-into-two-electric-cars-charge-station-1.jpg","width":1920,"height":1080},{"@type":"BreadcrumbList","@id":"https:\/\/www.autolist.com.br\/blog\/carros-eletricos-terao-desconto-de-50-no-ipva-em-sp\/#breadcrumb","itemListElement":[{"@type":"ListItem","position":1,"name":"In\u00edcio","item":"https:\/\/www.autolist.com.br\/blog\/"},{"@type":"ListItem","position":2,"name":"Carros el\u00e9tricos ganham desconto de 50% no IPVA em SP"}]},{"@type":"WebSite","@id":"https:\/\/www.autolist.com.br\/blog\/#website","url":"https:\/\/www.autolist.com.br\/blog\/","name":"Blog - Autolist","description":"Consultas Veiculares","publisher":{"@id":"https:\/\/www.autolist.com.br\/blog\/#organization"},"potentialAction":[{"@type":"SearchAction","target":{"@type":"EntryPoint","urlTemplate":"https:\/\/www.autolist.com.br\/blog\/?s={search_term_string}"},"query-input":{"@type":"PropertyValueSpecification","valueRequired":true,"valueName":"search_term_string"}}],"inLanguage":"pt-BR"},{"@type":"Organization","@id":"https:\/\/www.autolist.com.br\/blog\/#organization","name":"Blog - Autolist","url":"https:\/\/www.autolist.com.br\/blog\/","logo":{"@type":"ImageObject","inLanguage":"pt-BR","@id":"https:\/\/www.autolist.com.br\/blog\/#\/schema\/logo\/image\/","url":"https:\/\/www.autolist.com.br\/blog\/wp-content\/uploads\/2024\/05\/Logo-Horizontal.png","contentUrl":"https:\/\/www.autolist.com.br\/blog\/wp-content\/uploads\/2024\/05\/Logo-Horizontal.png","width":237,"height":60,"caption":"Blog - Autolist"},"image":{"@id":"https:\/\/www.autolist.com.br\/blog\/#\/schema\/logo\/image\/"},"sameAs":["https:\/\/www.facebook.com\/autolistconsultasveiculares","https:\/\/www.instagram.com\/autolistcv\/"]},{"@type":"Person","@id":"https:\/\/www.autolist.com.br\/blog\/#\/schema\/person\/20624ab867cc62b0ef5e51f48121653d","name":"Let\u00edcia Bariviera","image":{"@type":"ImageObject","inLanguage":"pt-BR","@id":"https:\/\/www.autolist.com.br\/blog\/#\/schema\/person\/image\/","url":"https:\/\/secure.gravatar.com\/avatar\/805f672da9304da64bca1e55bc2e3b2ca7ab423b4210f8f80fb37bf9c13772c2?s=96&d=mm&r=g","contentUrl":"https:\/\/secure.gravatar.com\/avatar\/805f672da9304da64bca1e55bc2e3b2ca7ab423b4210f8f80fb37bf9c13772c2?s=96&d=mm&r=g","caption":"Let\u00edcia Bariviera"},"url":"https:\/\/www.autolist.com.br\/blog\/author\/leticia\/"}]}},"_links":{"self":[{"href":"https:\/\/www.autolist.com.br\/blog\/wp-json\/wp\/v2\/posts\/17218","targetHints":{"allow":["GET"]}}],"collection":[{"href":"https:\/\/www.autolist.com.br\/blog\/wp-json\/wp\/v2\/posts"}],"about":[{"href":"https:\/\/www.autolist.com.br\/blog\/wp-json\/wp\/v2\/types\/post"}],"author":[{"embeddable":true,"href":"https:\/\/www.autolist.com.br\/blog\/wp-json\/wp\/v2\/users\/4"}],"replies":[{"embeddable":true,"href":"https:\/\/www.autolist.com.br\/blog\/wp-json\/wp\/v2\/comments?post=17218"}],"version-history":[{"count":0,"href":"https:\/\/www.autolist.com.br\/blog\/wp-json\/wp\/v2\/posts\/17218\/revisions"}],"wp:featuredmedia":[{"embeddable":true,"href":"https:\/\/www.autolist.com.br\/blog\/wp-json\/wp\/v2\/media\/17227"}],"wp:attachment":[{"href":"https:\/\/www.autolist.com.br\/blog\/wp-json\/wp\/v2\/media?parent=17218"}],"wp:term":[{"taxonomy":"category","embeddable":true,"href":"https:\/\/www.autolist.com.br\/blog\/wp-json\/wp\/v2\/categories?post=17218"},{"taxonomy":"post_tag","embeddable":true,"href":"https:\/\/www.autolist.com.br\/blog\/wp-json\/wp\/v2\/tags?post=17218"}],"curies":[{"name":"wp","href":"https:\/\/api.w.org\/{rel}","templated":true}]}}