{"id":17341,"date":"2022-11-10T15:30:46","date_gmt":"2022-11-10T18:30:46","guid":{"rendered":"https:\/\/autolist.com.br\/?p=17341"},"modified":"2022-11-10T15:30:46","modified_gmt":"2022-11-10T18:30:46","slug":"precos-dos-carros-usados-comecam-a-cair-saiba-mais","status":"publish","type":"post","link":"https:\/\/www.autolist.com.br\/blog\/precos-dos-carros-usados-comecam-a-cair-saiba-mais\/","title":{"rendered":"<strong>Pre\u00e7os dos carros usados come\u00e7am a cair: saiba mais!<\/strong>"},"content":{"rendered":"\n<p>Depois de mais de dois anos de altas, os <strong>pre\u00e7os dos carros usados come\u00e7am a cair<\/strong>. Essa queda j\u00e1 era prevista na medida em que a pandemia foi sendo controlada e as atividades do mercado retomadas.&nbsp;<\/p>\n\n\n\n<p>Segundo levantamento realizado pela <strong>Mobiauto<\/strong>, que tomou como base os dez modelos mais vendidos no ano passado, os valores est\u00e3o mais baixos do que h\u00e1 seis meses. Por isso, neste post, vamos mostrar quais ve\u00edculos tiveram a maior redu\u00e7\u00e3o de pre\u00e7o em cada per\u00edodo avaliado.<\/p>\n\n\n\n<p>Continue a leitura para saber mais!&nbsp;<\/p>\n\n\n\n<h2 class=\"wp-block-heading\"><strong>Pre\u00e7os dos carros usados come\u00e7am a cair: entenda o cen\u00e1rio&nbsp;<\/strong><\/h2>\n\n\n\n<p>Uma coisa \u00e9 certa: os pre\u00e7os s\u00f3 ficar\u00e3o realmente mais baixos quando o fornecimento de mat\u00e9rias-primas melhorar.<\/p>\n\n\n\n<p>Como vimos, os carros usados tiveram uma supervaloriza\u00e7\u00e3o no \u00faltimo ano e isso, em maior parte, se deu pela <a href=\"https:\/\/autolist.com.br\/carros-da-chevrolet-2023-perderam-bluetooth-e-android-auto\/\" target=\"_blank\" rel=\"noreferrer noopener\">falta dos semicondutores<\/a> para a produ\u00e7\u00e3o dos ve\u00edculos zero km, o que fez com que a procura dos usados, que j\u00e1 s\u00e3o normalmente mais baratos do que os carros novos, aumentasse.&nbsp;<\/p>\n\n\n\n<p>Entretanto, as expectativas para quem deseja comprar um autom\u00f3vel s\u00e3o boas e a retra\u00e7\u00e3o j\u00e1 pode ser vista principalmente nos modelos mais vendidos em 2021. <\/p>\n\n\n\n<p>De janeiro do ano passado a janeiro deste ano, estes ve\u00edculos valorizaram mais de 20%. A maior alta foi para o VW Gol e o Hyundai HB20, chegando a quase 30%.<\/p>\n\n\n\n<p>Confira, a seguir, a varia\u00e7\u00e3o m\u00e9dia de 2021<\/p>\n\n\n\n<ul class=\"wp-block-list\">\n<li><strong>VW Gol:<\/strong> 29,65%<\/li>\n<\/ul>\n\n\n\n<ul class=\"wp-block-list\">\n<li><strong>Hyundai HB20:<\/strong> 29,21%<\/li>\n<\/ul>\n\n\n\n<ul class=\"wp-block-list\">\n<li><strong>Chevrolet Celta:<\/strong> 26,60%<\/li>\n<\/ul>\n\n\n\n<ul class=\"wp-block-list\">\n<li><strong>Fiat Palio:<\/strong> 26,15%<\/li>\n<\/ul>\n\n\n\n<ul class=\"wp-block-list\">\n<li><strong>VW Fox:<\/strong> 26,62%<\/li>\n<\/ul>\n\n\n\n<ul class=\"wp-block-list\">\n<li><strong>Fiat Uno:<\/strong> 25,40%<\/li>\n<\/ul>\n\n\n\n<ul class=\"wp-block-list\">\n<li><strong>Ford Ka:<\/strong> 24,28%<\/li>\n<\/ul>\n\n\n\n<ul class=\"wp-block-list\">\n<li><strong>Chevrolet Onix:<\/strong> 23,54%&nbsp;<\/li>\n<\/ul>\n\n\n\n<ul class=\"wp-block-list\">\n<li><strong>Fiat Strada:<\/strong> 23,46%<\/li>\n<\/ul>\n\n\n\n<ul class=\"wp-block-list\">\n<li><strong>Ford Fiesta:<\/strong> 22,16%<\/li>\n<\/ul>\n\n\n\n<figure class=\"wp-block-image size-full\"><a href=\"https:\/\/autolist.com.br\/recall\/\" target=\"_blank\" rel=\"noreferrer noopener\"><img loading=\"lazy\" decoding=\"async\" width=\"1000\" height=\"300\" src=\"https:\/\/www.autolist.com.br\/blog\/wp-content\/uploads\/2022\/11\/banner_blog_-_consulta_recall.png\" alt=\"\" class=\"wp-image-17361\" srcset=\"https:\/\/www.autolist.com.br\/blog\/wp-content\/uploads\/2022\/11\/banner_blog_-_consulta_recall.png 1000w, https:\/\/www.autolist.com.br\/blog\/wp-content\/uploads\/2022\/11\/banner_blog_-_consulta_recall-300x90.png 300w, https:\/\/www.autolist.com.br\/blog\/wp-content\/uploads\/2022\/11\/banner_blog_-_consulta_recall-768x230.png 768w\" sizes=\"auto, (max-width: 1000px) 100vw, 1000px\" \/><\/a><\/figure>\n\n\n\n<h3 class=\"wp-block-heading\"><strong>Agora, a varia\u00e7\u00e3o m\u00e9dia de janeiro a julho de 2022 para os mesmos autom\u00f3veis&nbsp;<\/strong><\/h3>\n\n\n\n<ul class=\"wp-block-list\">\n<li><strong>VW Gol:<\/strong> &#8211; 6,60%<\/li>\n<\/ul>\n\n\n\n<ul class=\"wp-block-list\">\n<li><strong>Hyundai HB20:<\/strong> -10,04%<\/li>\n<\/ul>\n\n\n\n<ul class=\"wp-block-list\">\n<li><strong>Chevrolet Celta:<\/strong> -12,34%<\/li>\n<\/ul>\n\n\n\n<ul class=\"wp-block-list\">\n<li><strong>Fiat Palio:<\/strong> -2,18%<\/li>\n<\/ul>\n\n\n\n<ul class=\"wp-block-list\">\n<li><strong>VW Fox:<\/strong> -9,48%<\/li>\n<\/ul>\n\n\n\n<ul class=\"wp-block-list\">\n<li><strong>Fiat Uno:<\/strong> -11,61%<\/li>\n<\/ul>\n\n\n\n<ul class=\"wp-block-list\">\n<li><strong>Ford Ka:<\/strong> -9,07%<\/li>\n<\/ul>\n\n\n\n<ul class=\"wp-block-list\">\n<li><strong>Chevrolet Onix:<\/strong> -7,10%&nbsp;<\/li>\n<\/ul>\n\n\n\n<ul class=\"wp-block-list\">\n<li><strong>Fiat Strada:<\/strong> -7,49%<\/li>\n<\/ul>\n\n\n\n<ul class=\"wp-block-list\">\n<li><strong>Ford Fiesta:<\/strong> -7,76%<\/li>\n<\/ul>\n\n\n\n<h3 class=\"wp-block-heading\"><strong>Varia\u00e7\u00e3o m\u00e9dia de pre\u00e7os de janeiro a agosto de 2022<\/strong><\/h3>\n\n\n\n<ul class=\"wp-block-list\">\n<li><strong>VW Gol:<\/strong> -2,56%<\/li>\n<\/ul>\n\n\n\n<ul class=\"wp-block-list\">\n<li><strong>Hyundai HB20: <\/strong>-3,33%<\/li>\n<\/ul>\n\n\n\n<ul class=\"wp-block-list\">\n<li><strong>Chevrolet Celta: <\/strong>-0,94%<\/li>\n<\/ul>\n\n\n\n<ul class=\"wp-block-list\">\n<li><strong>Fiat Palio: <\/strong>-0,02%merca<\/li>\n<\/ul>\n\n\n\n<ul class=\"wp-block-list\">\n<li><strong>VW Fox: <\/strong>-2,53%<\/li>\n<\/ul>\n\n\n\n<ul class=\"wp-block-list\">\n<li><strong>Fiat Uno: <\/strong>-2,09%<\/li>\n<\/ul>\n\n\n\n<ul class=\"wp-block-list\">\n<li><strong>Ford Ka: <\/strong>-0,26%<\/li>\n<\/ul>\n\n\n\n<ul class=\"wp-block-list\">\n<li><strong>Chevrolet Onix: <\/strong>-0,13%&nbsp;<\/li>\n<\/ul>\n\n\n\n<ul class=\"wp-block-list\">\n<li><strong>Fiat Strada: <\/strong>6,03%<\/li>\n<\/ul>\n\n\n\n<ul class=\"wp-block-list\">\n<li><strong>Ford Fiesta: <\/strong>8,41%<\/li>\n<\/ul>\n\n\n\n<h3 class=\"wp-block-heading\"><strong>Julho entre agosto de 2022<\/strong><\/h3>\n\n\n\n<ul class=\"wp-block-list\">\n<li><strong>VW Gol:<\/strong> 4,32%<\/li>\n<\/ul>\n\n\n\n<ul class=\"wp-block-list\">\n<li><strong>Hyundai HB20:<\/strong> 14,87%<\/li>\n<\/ul>\n\n\n\n<ul class=\"wp-block-list\">\n<li><strong>Chevrolet Celta:<\/strong> 15,16%<\/li>\n<\/ul>\n\n\n\n<ul class=\"wp-block-list\">\n<li><strong>Fiat Palio:<\/strong> -2,11%<\/li>\n<\/ul>\n\n\n\n<ul class=\"wp-block-list\">\n<li><strong>VW Fox:<\/strong> 13,26%<\/li>\n<\/ul>\n\n\n\n<ul class=\"wp-block-list\">\n<li><strong>Fiat Uno:<\/strong> 15,50%<\/li>\n<\/ul>\n\n\n\n<ul class=\"wp-block-list\">\n<li><strong>Ford Ka:<\/strong> 9,69%<\/li>\n<\/ul>\n\n\n\n<ul class=\"wp-block-list\">\n<li><strong>Chevrolet Onix:<\/strong> 7,50%&nbsp;<\/li>\n<\/ul>\n\n\n\n<ul class=\"wp-block-list\">\n<li><strong>Fiat Strada:<\/strong> 14,62%<\/li>\n<\/ul>\n\n\n\n<ul class=\"wp-block-list\">\n<li><strong>Ford Fiesta:<\/strong> 17,53%<\/li>\n<\/ul>\n\n\n\n<p>Veja um comparativo de pre\u00e7os entre modelos de diferentes anos de agosto de 2021 a agosto de 2022:<\/p>\n\n\n\n<figure class=\"wp-block-image size-full\"><img loading=\"lazy\" decoding=\"async\" width=\"855\" height=\"233\" src=\"https:\/\/www.autolist.com.br\/blog\/wp-content\/uploads\/2022\/11\/Mobiauto.png\" alt=\"\" class=\"wp-image-17343\" srcset=\"https:\/\/www.autolist.com.br\/blog\/wp-content\/uploads\/2022\/11\/Mobiauto.png 855w, https:\/\/www.autolist.com.br\/blog\/wp-content\/uploads\/2022\/11\/Mobiauto-300x82.png 300w, https:\/\/www.autolist.com.br\/blog\/wp-content\/uploads\/2022\/11\/Mobiauto-768x209.png 768w\" sizes=\"auto, (max-width: 855px) 100vw, 855px\" \/><figcaption class=\"wp-element-caption\"><em>(Fonte: Mobiauto)<\/em><\/figcaption><\/figure>\n\n\n\n<p>Se voc\u00ea trabalha com a revenda de ve\u00edculos usados, agora pode ser uma boa hora para vend\u00ea-los, j\u00e1 que a tend\u00eancia \u00e9 que os pre\u00e7os continuem em queda. Assim voc\u00ea n\u00e3o perde tanto valor na revenda. <\/p>\n\n\n\n<p>(Aproveite para ler tamb\u00e9m: <a href=\"https:\/\/autolist.com.br\/melhor-epoca-para-comprar-e-vender-carros\/\" target=\"_blank\" rel=\"noreferrer noopener\">Qual a melhor \u00e9poca do ano para comprar e vender carros seminovos<\/a>).<\/p>\n\n\n\n<p>E ent\u00e3o, gostou deste conte\u00fado? Para ler outros materiais como esse, acompanhe o blog da <a href=\"https:\/\/autolist.com.br\/\" target=\"_blank\" rel=\"noreferrer noopener\">AutoList<\/a>. Toda semana publicamos diferentes artigos. At\u00e9 a pr\u00f3xima! <\/p>\n\n\n\n<p>Ficou com alguma d\u00favida? Deixe seu coment\u00e1rio aqui embaixo! <\/p>\n","protected":false},"excerpt":{"rendered":"<p>Depois de dois anos de supervaloriza\u00e7\u00e3o, os pre\u00e7os dos carros usados come\u00e7am a cair. Acesse o post e entenda mais sobre o assunto! <\/p>\n","protected":false},"author":4,"featured_media":17350,"comment_status":"closed","ping_status":"closed","sticky":false,"template":"","format":"standard","meta":{"footnotes":""},"categories":[9],"tags":[154,146,214],"class_list":["post-17341","post","type-post","status-publish","format-standard","has-post-thumbnail","hentry","category-todos","tag-carros-usados","tag-mercado-automotivo","tag-revenda"],"yoast_head":"<!-- This site is optimized with the Yoast SEO plugin v25.1 - https:\/\/yoast.com\/wordpress\/plugins\/seo\/ -->\n<title>Pre\u00e7os dos carros usados come\u00e7am a cair, entenda<\/title>\n<meta name=\"description\" content=\"Depois de dois anos de supervaloriza\u00e7\u00e3o, os pre\u00e7os dos carros usados come\u00e7am a cair. Acesse o post e entenda mais sobre o assunto!\" \/>\n<meta name=\"robots\" content=\"index, follow, max-snippet:-1, max-image-preview:large, max-video-preview:-1\" \/>\n<link rel=\"canonical\" href=\"https:\/\/www.autolist.com.br\/blog\/precos-dos-carros-usados-comecam-a-cair-saiba-mais\/\" \/>\n<meta property=\"og:locale\" content=\"pt_BR\" \/>\n<meta property=\"og:type\" content=\"article\" \/>\n<meta property=\"og:title\" content=\"Pre\u00e7os dos carros usados come\u00e7am a cair, entenda\" \/>\n<meta property=\"og:description\" content=\"Depois de dois anos de supervaloriza\u00e7\u00e3o, os pre\u00e7os dos carros usados come\u00e7am a cair. Acesse o post e entenda mais sobre o assunto!\" \/>\n<meta property=\"og:url\" content=\"https:\/\/www.autolist.com.br\/blog\/precos-dos-carros-usados-comecam-a-cair-saiba-mais\/\" \/>\n<meta property=\"og:site_name\" content=\"Blog - Autolist\" \/>\n<meta property=\"article:publisher\" content=\"https:\/\/www.facebook.com\/autolistconsultasveiculares\" \/>\n<meta property=\"article:published_time\" content=\"2022-11-10T18:30:46+00:00\" \/>\n<meta property=\"og:image\" content=\"https:\/\/www.autolist.com.br\/blog\/wp-content\/uploads\/2022\/11\/close-up-of-a-car-dealership-rows-of-urban-crossovers-for-sale-rear-view.jpg\" \/>\n\t<meta property=\"og:image:width\" content=\"1920\" \/>\n\t<meta property=\"og:image:height\" content=\"1280\" \/>\n\t<meta property=\"og:image:type\" content=\"image\/jpeg\" \/>\n<meta name=\"author\" content=\"Let\u00edcia Bariviera\" \/>\n<meta name=\"twitter:card\" content=\"summary_large_image\" \/>\n<meta name=\"twitter:label1\" content=\"Escrito por\" \/>\n\t<meta name=\"twitter:data1\" content=\"Let\u00edcia Bariviera\" \/>\n\t<meta name=\"twitter:label2\" content=\"Est. tempo de leitura\" \/>\n\t<meta name=\"twitter:data2\" content=\"4 minutos\" \/>\n<script type=\"application\/ld+json\" class=\"yoast-schema-graph\">{\"@context\":\"https:\/\/schema.org\",\"@graph\":[{\"@type\":\"Article\",\"@id\":\"https:\/\/www.autolist.com.br\/blog\/precos-dos-carros-usados-comecam-a-cair-saiba-mais\/#article\",\"isPartOf\":{\"@id\":\"https:\/\/www.autolist.com.br\/blog\/precos-dos-carros-usados-comecam-a-cair-saiba-mais\/\"},\"author\":{\"name\":\"Let\u00edcia Bariviera\",\"@id\":\"https:\/\/www.autolist.com.br\/blog\/#\/schema\/person\/20624ab867cc62b0ef5e51f48121653d\"},\"headline\":\"Pre\u00e7os dos carros usados come\u00e7am a cair: saiba mais!\",\"datePublished\":\"2022-11-10T18:30:46+00:00\",\"mainEntityOfPage\":{\"@id\":\"https:\/\/www.autolist.com.br\/blog\/precos-dos-carros-usados-comecam-a-cair-saiba-mais\/\"},\"wordCount\":512,\"publisher\":{\"@id\":\"https:\/\/www.autolist.com.br\/blog\/#organization\"},\"image\":{\"@id\":\"https:\/\/www.autolist.com.br\/blog\/precos-dos-carros-usados-comecam-a-cair-saiba-mais\/#primaryimage\"},\"thumbnailUrl\":\"https:\/\/www.autolist.com.br\/blog\/wp-content\/uploads\/2022\/11\/close-up-of-a-car-dealership-rows-of-urban-crossovers-for-sale-rear-view.jpg\",\"keywords\":[\"carros usados\",\"mercado automotivo\",\"revenda\"],\"articleSection\":[\"Todos\"],\"inLanguage\":\"pt-BR\"},{\"@type\":\"WebPage\",\"@id\":\"https:\/\/www.autolist.com.br\/blog\/precos-dos-carros-usados-comecam-a-cair-saiba-mais\/\",\"url\":\"https:\/\/www.autolist.com.br\/blog\/precos-dos-carros-usados-comecam-a-cair-saiba-mais\/\",\"name\":\"Pre\u00e7os dos carros usados come\u00e7am a cair, entenda\",\"isPartOf\":{\"@id\":\"https:\/\/www.autolist.com.br\/blog\/#website\"},\"primaryImageOfPage\":{\"@id\":\"https:\/\/www.autolist.com.br\/blog\/precos-dos-carros-usados-comecam-a-cair-saiba-mais\/#primaryimage\"},\"image\":{\"@id\":\"https:\/\/www.autolist.com.br\/blog\/precos-dos-carros-usados-comecam-a-cair-saiba-mais\/#primaryimage\"},\"thumbnailUrl\":\"https:\/\/www.autolist.com.br\/blog\/wp-content\/uploads\/2022\/11\/close-up-of-a-car-dealership-rows-of-urban-crossovers-for-sale-rear-view.jpg\",\"datePublished\":\"2022-11-10T18:30:46+00:00\",\"description\":\"Depois de dois anos de supervaloriza\u00e7\u00e3o, os pre\u00e7os dos carros usados come\u00e7am a cair. Acesse o post e entenda mais sobre o assunto!\",\"breadcrumb\":{\"@id\":\"https:\/\/www.autolist.com.br\/blog\/precos-dos-carros-usados-comecam-a-cair-saiba-mais\/#breadcrumb\"},\"inLanguage\":\"pt-BR\",\"potentialAction\":[{\"@type\":\"ReadAction\",\"target\":[\"https:\/\/www.autolist.com.br\/blog\/precos-dos-carros-usados-comecam-a-cair-saiba-mais\/\"]}]},{\"@type\":\"ImageObject\",\"inLanguage\":\"pt-BR\",\"@id\":\"https:\/\/www.autolist.com.br\/blog\/precos-dos-carros-usados-comecam-a-cair-saiba-mais\/#primaryimage\",\"url\":\"https:\/\/www.autolist.com.br\/blog\/wp-content\/uploads\/2022\/11\/close-up-of-a-car-dealership-rows-of-urban-crossovers-for-sale-rear-view.jpg\",\"contentUrl\":\"https:\/\/www.autolist.com.br\/blog\/wp-content\/uploads\/2022\/11\/close-up-of-a-car-dealership-rows-of-urban-crossovers-for-sale-rear-view.jpg\",\"width\":1920,\"height\":1280},{\"@type\":\"BreadcrumbList\",\"@id\":\"https:\/\/www.autolist.com.br\/blog\/precos-dos-carros-usados-comecam-a-cair-saiba-mais\/#breadcrumb\",\"itemListElement\":[{\"@type\":\"ListItem\",\"position\":1,\"name\":\"In\u00edcio\",\"item\":\"https:\/\/www.autolist.com.br\/blog\/\"},{\"@type\":\"ListItem\",\"position\":2,\"name\":\"Pre\u00e7os dos carros usados come\u00e7am a cair: saiba mais!\"}]},{\"@type\":\"WebSite\",\"@id\":\"https:\/\/www.autolist.com.br\/blog\/#website\",\"url\":\"https:\/\/www.autolist.com.br\/blog\/\",\"name\":\"Blog - Autolist\",\"description\":\"Consultas Veiculares\",\"publisher\":{\"@id\":\"https:\/\/www.autolist.com.br\/blog\/#organization\"},\"potentialAction\":[{\"@type\":\"SearchAction\",\"target\":{\"@type\":\"EntryPoint\",\"urlTemplate\":\"https:\/\/www.autolist.com.br\/blog\/?s={search_term_string}\"},\"query-input\":{\"@type\":\"PropertyValueSpecification\",\"valueRequired\":true,\"valueName\":\"search_term_string\"}}],\"inLanguage\":\"pt-BR\"},{\"@type\":\"Organization\",\"@id\":\"https:\/\/www.autolist.com.br\/blog\/#organization\",\"name\":\"Blog - Autolist\",\"url\":\"https:\/\/www.autolist.com.br\/blog\/\",\"logo\":{\"@type\":\"ImageObject\",\"inLanguage\":\"pt-BR\",\"@id\":\"https:\/\/www.autolist.com.br\/blog\/#\/schema\/logo\/image\/\",\"url\":\"https:\/\/www.autolist.com.br\/blog\/wp-content\/uploads\/2024\/05\/Logo-Horizontal.png\",\"contentUrl\":\"https:\/\/www.autolist.com.br\/blog\/wp-content\/uploads\/2024\/05\/Logo-Horizontal.png\",\"width\":237,\"height\":60,\"caption\":\"Blog - Autolist\"},\"image\":{\"@id\":\"https:\/\/www.autolist.com.br\/blog\/#\/schema\/logo\/image\/\"},\"sameAs\":[\"https:\/\/www.facebook.com\/autolistconsultasveiculares\",\"https:\/\/www.instagram.com\/autolistcv\/\"]},{\"@type\":\"Person\",\"@id\":\"https:\/\/www.autolist.com.br\/blog\/#\/schema\/person\/20624ab867cc62b0ef5e51f48121653d\",\"name\":\"Let\u00edcia Bariviera\",\"image\":{\"@type\":\"ImageObject\",\"inLanguage\":\"pt-BR\",\"@id\":\"https:\/\/www.autolist.com.br\/blog\/#\/schema\/person\/image\/\",\"url\":\"https:\/\/secure.gravatar.com\/avatar\/805f672da9304da64bca1e55bc2e3b2ca7ab423b4210f8f80fb37bf9c13772c2?s=96&d=mm&r=g\",\"contentUrl\":\"https:\/\/secure.gravatar.com\/avatar\/805f672da9304da64bca1e55bc2e3b2ca7ab423b4210f8f80fb37bf9c13772c2?s=96&d=mm&r=g\",\"caption\":\"Let\u00edcia Bariviera\"},\"url\":\"https:\/\/www.autolist.com.br\/blog\/author\/leticia\/\"}]}<\/script>\n<!-- \/ Yoast SEO plugin. -->","yoast_head_json":{"title":"Pre\u00e7os dos carros usados come\u00e7am a cair, entenda","description":"Depois de dois anos de supervaloriza\u00e7\u00e3o, os pre\u00e7os dos carros usados come\u00e7am a cair. Acesse o post e entenda mais sobre o assunto!","robots":{"index":"index","follow":"follow","max-snippet":"max-snippet:-1","max-image-preview":"max-image-preview:large","max-video-preview":"max-video-preview:-1"},"canonical":"https:\/\/www.autolist.com.br\/blog\/precos-dos-carros-usados-comecam-a-cair-saiba-mais\/","og_locale":"pt_BR","og_type":"article","og_title":"Pre\u00e7os dos carros usados come\u00e7am a cair, entenda","og_description":"Depois de dois anos de supervaloriza\u00e7\u00e3o, os pre\u00e7os dos carros usados come\u00e7am a cair. Acesse o post e entenda mais sobre o assunto!","og_url":"https:\/\/www.autolist.com.br\/blog\/precos-dos-carros-usados-comecam-a-cair-saiba-mais\/","og_site_name":"Blog - Autolist","article_publisher":"https:\/\/www.facebook.com\/autolistconsultasveiculares","article_published_time":"2022-11-10T18:30:46+00:00","og_image":[{"width":1920,"height":1280,"url":"https:\/\/www.autolist.com.br\/blog\/wp-content\/uploads\/2022\/11\/close-up-of-a-car-dealership-rows-of-urban-crossovers-for-sale-rear-view.jpg","type":"image\/jpeg"}],"author":"Let\u00edcia Bariviera","twitter_card":"summary_large_image","twitter_misc":{"Escrito por":"Let\u00edcia Bariviera","Est. tempo de leitura":"4 minutos"},"schema":{"@context":"https:\/\/schema.org","@graph":[{"@type":"Article","@id":"https:\/\/www.autolist.com.br\/blog\/precos-dos-carros-usados-comecam-a-cair-saiba-mais\/#article","isPartOf":{"@id":"https:\/\/www.autolist.com.br\/blog\/precos-dos-carros-usados-comecam-a-cair-saiba-mais\/"},"author":{"name":"Let\u00edcia Bariviera","@id":"https:\/\/www.autolist.com.br\/blog\/#\/schema\/person\/20624ab867cc62b0ef5e51f48121653d"},"headline":"Pre\u00e7os dos carros usados come\u00e7am a cair: saiba mais!","datePublished":"2022-11-10T18:30:46+00:00","mainEntityOfPage":{"@id":"https:\/\/www.autolist.com.br\/blog\/precos-dos-carros-usados-comecam-a-cair-saiba-mais\/"},"wordCount":512,"publisher":{"@id":"https:\/\/www.autolist.com.br\/blog\/#organization"},"image":{"@id":"https:\/\/www.autolist.com.br\/blog\/precos-dos-carros-usados-comecam-a-cair-saiba-mais\/#primaryimage"},"thumbnailUrl":"https:\/\/www.autolist.com.br\/blog\/wp-content\/uploads\/2022\/11\/close-up-of-a-car-dealership-rows-of-urban-crossovers-for-sale-rear-view.jpg","keywords":["carros usados","mercado automotivo","revenda"],"articleSection":["Todos"],"inLanguage":"pt-BR"},{"@type":"WebPage","@id":"https:\/\/www.autolist.com.br\/blog\/precos-dos-carros-usados-comecam-a-cair-saiba-mais\/","url":"https:\/\/www.autolist.com.br\/blog\/precos-dos-carros-usados-comecam-a-cair-saiba-mais\/","name":"Pre\u00e7os dos carros usados come\u00e7am a cair, entenda","isPartOf":{"@id":"https:\/\/www.autolist.com.br\/blog\/#website"},"primaryImageOfPage":{"@id":"https:\/\/www.autolist.com.br\/blog\/precos-dos-carros-usados-comecam-a-cair-saiba-mais\/#primaryimage"},"image":{"@id":"https:\/\/www.autolist.com.br\/blog\/precos-dos-carros-usados-comecam-a-cair-saiba-mais\/#primaryimage"},"thumbnailUrl":"https:\/\/www.autolist.com.br\/blog\/wp-content\/uploads\/2022\/11\/close-up-of-a-car-dealership-rows-of-urban-crossovers-for-sale-rear-view.jpg","datePublished":"2022-11-10T18:30:46+00:00","description":"Depois de dois anos de supervaloriza\u00e7\u00e3o, os pre\u00e7os dos carros usados come\u00e7am a cair. Acesse o post e entenda mais sobre o assunto!","breadcrumb":{"@id":"https:\/\/www.autolist.com.br\/blog\/precos-dos-carros-usados-comecam-a-cair-saiba-mais\/#breadcrumb"},"inLanguage":"pt-BR","potentialAction":[{"@type":"ReadAction","target":["https:\/\/www.autolist.com.br\/blog\/precos-dos-carros-usados-comecam-a-cair-saiba-mais\/"]}]},{"@type":"ImageObject","inLanguage":"pt-BR","@id":"https:\/\/www.autolist.com.br\/blog\/precos-dos-carros-usados-comecam-a-cair-saiba-mais\/#primaryimage","url":"https:\/\/www.autolist.com.br\/blog\/wp-content\/uploads\/2022\/11\/close-up-of-a-car-dealership-rows-of-urban-crossovers-for-sale-rear-view.jpg","contentUrl":"https:\/\/www.autolist.com.br\/blog\/wp-content\/uploads\/2022\/11\/close-up-of-a-car-dealership-rows-of-urban-crossovers-for-sale-rear-view.jpg","width":1920,"height":1280},{"@type":"BreadcrumbList","@id":"https:\/\/www.autolist.com.br\/blog\/precos-dos-carros-usados-comecam-a-cair-saiba-mais\/#breadcrumb","itemListElement":[{"@type":"ListItem","position":1,"name":"In\u00edcio","item":"https:\/\/www.autolist.com.br\/blog\/"},{"@type":"ListItem","position":2,"name":"Pre\u00e7os dos carros usados come\u00e7am a cair: saiba mais!"}]},{"@type":"WebSite","@id":"https:\/\/www.autolist.com.br\/blog\/#website","url":"https:\/\/www.autolist.com.br\/blog\/","name":"Blog - Autolist","description":"Consultas Veiculares","publisher":{"@id":"https:\/\/www.autolist.com.br\/blog\/#organization"},"potentialAction":[{"@type":"SearchAction","target":{"@type":"EntryPoint","urlTemplate":"https:\/\/www.autolist.com.br\/blog\/?s={search_term_string}"},"query-input":{"@type":"PropertyValueSpecification","valueRequired":true,"valueName":"search_term_string"}}],"inLanguage":"pt-BR"},{"@type":"Organization","@id":"https:\/\/www.autolist.com.br\/blog\/#organization","name":"Blog - Autolist","url":"https:\/\/www.autolist.com.br\/blog\/","logo":{"@type":"ImageObject","inLanguage":"pt-BR","@id":"https:\/\/www.autolist.com.br\/blog\/#\/schema\/logo\/image\/","url":"https:\/\/www.autolist.com.br\/blog\/wp-content\/uploads\/2024\/05\/Logo-Horizontal.png","contentUrl":"https:\/\/www.autolist.com.br\/blog\/wp-content\/uploads\/2024\/05\/Logo-Horizontal.png","width":237,"height":60,"caption":"Blog - Autolist"},"image":{"@id":"https:\/\/www.autolist.com.br\/blog\/#\/schema\/logo\/image\/"},"sameAs":["https:\/\/www.facebook.com\/autolistconsultasveiculares","https:\/\/www.instagram.com\/autolistcv\/"]},{"@type":"Person","@id":"https:\/\/www.autolist.com.br\/blog\/#\/schema\/person\/20624ab867cc62b0ef5e51f48121653d","name":"Let\u00edcia Bariviera","image":{"@type":"ImageObject","inLanguage":"pt-BR","@id":"https:\/\/www.autolist.com.br\/blog\/#\/schema\/person\/image\/","url":"https:\/\/secure.gravatar.com\/avatar\/805f672da9304da64bca1e55bc2e3b2ca7ab423b4210f8f80fb37bf9c13772c2?s=96&d=mm&r=g","contentUrl":"https:\/\/secure.gravatar.com\/avatar\/805f672da9304da64bca1e55bc2e3b2ca7ab423b4210f8f80fb37bf9c13772c2?s=96&d=mm&r=g","caption":"Let\u00edcia Bariviera"},"url":"https:\/\/www.autolist.com.br\/blog\/author\/leticia\/"}]}},"_links":{"self":[{"href":"https:\/\/www.autolist.com.br\/blog\/wp-json\/wp\/v2\/posts\/17341","targetHints":{"allow":["GET"]}}],"collection":[{"href":"https:\/\/www.autolist.com.br\/blog\/wp-json\/wp\/v2\/posts"}],"about":[{"href":"https:\/\/www.autolist.com.br\/blog\/wp-json\/wp\/v2\/types\/post"}],"author":[{"embeddable":true,"href":"https:\/\/www.autolist.com.br\/blog\/wp-json\/wp\/v2\/users\/4"}],"replies":[{"embeddable":true,"href":"https:\/\/www.autolist.com.br\/blog\/wp-json\/wp\/v2\/comments?post=17341"}],"version-history":[{"count":0,"href":"https:\/\/www.autolist.com.br\/blog\/wp-json\/wp\/v2\/posts\/17341\/revisions"}],"wp:featuredmedia":[{"embeddable":true,"href":"https:\/\/www.autolist.com.br\/blog\/wp-json\/wp\/v2\/media\/17350"}],"wp:attachment":[{"href":"https:\/\/www.autolist.com.br\/blog\/wp-json\/wp\/v2\/media?parent=17341"}],"wp:term":[{"taxonomy":"category","embeddable":true,"href":"https:\/\/www.autolist.com.br\/blog\/wp-json\/wp\/v2\/categories?post=17341"},{"taxonomy":"post_tag","embeddable":true,"href":"https:\/\/www.autolist.com.br\/blog\/wp-json\/wp\/v2\/tags?post=17341"}],"curies":[{"name":"wp","href":"https:\/\/api.w.org\/{rel}","templated":true}]}}