{"id":17424,"date":"2022-12-08T17:24:34","date_gmt":"2022-12-08T20:24:34","guid":{"rendered":"https:\/\/autolist.com.br\/?p=17424"},"modified":"2022-12-08T17:24:34","modified_gmt":"2022-12-08T20:24:34","slug":"brasil-tera-nova-fabrica-de-baterias-para-veiculos-eletricos","status":"publish","type":"post","link":"https:\/\/www.autolist.com.br\/blog\/brasil-tera-nova-fabrica-de-baterias-para-veiculos-eletricos\/","title":{"rendered":"<strong>Brasil ter\u00e1 nova f\u00e1brica de baterias para ve\u00edculos el\u00e9tricos<\/strong>\u00a0"},"content":{"rendered":"\n<p>Como j\u00e1 \u00e9 esperado, o futuro do setor automotivo pertence aos carros el\u00e9tricos, e, apesar de aqui no Brasil ainda n\u00e3o estarmos totalmente adaptados a essa realidade, como em outros pa\u00edses, j\u00e1 come\u00e7amos a dar os primeiro passos.&nbsp;<\/p>\n\n\n\n<p>Prova disso foi o comunicado da BorgWarner sobre a abertura da <strong>nova f\u00e1brica de baterias para ve\u00edculos el\u00e9tricos<\/strong> em 2023.&nbsp;<\/p>\n\n\n\n<p>Quer saber mais sobre essa novidade? Ent\u00e3o continue a leitura deste post!&nbsp;<\/p>\n\n\n\n<h2 class=\"wp-block-heading\">Nova f\u00e1brica de baterias para ve\u00edculos el\u00e9tricos&nbsp;<\/h2>\n\n\n\n<p>Para quem n\u00e3o sabe, a <strong>BorgWarner <\/strong>\u00e9 um dos maiores fornecedores automotivos do mundo que recentemente adquiriu a fabricante alem\u00e3 de baterias el\u00e9tricas, Akasol AG. Com essa aquisi\u00e7\u00e3o, a empresa conseguir\u00e1 expandir o trabalho de eletrifica\u00e7\u00e3o de ve\u00edculos comerciais e industriais.&nbsp;<\/p>\n\n\n\n<p>Como afirmou o vice-presidente e gerente geral de sistemas globais de bateria, Henk Vanthournout:&nbsp;<\/p>\n\n\n\n<p><em>\u201cEstamos entusiasmados com a demanda e o potencial de mercado para esses produtos e a oportunidade de oferecer aos nossos clientes um portf\u00f3lio flex\u00edvel e de alta qualidade de solu\u00e7\u00f5es eletrificadas\u201d (&#8230;) \u201cEsta instala\u00e7\u00e3o produzir\u00e1 componentes de ve\u00edculos el\u00e9tricos inovadores, globais e de ponta.\u201d<\/em><em>&nbsp;<\/em><\/p>\n\n\n\n<p>Localizada no interior de S\u00e3o Paulo, na cidade de Piracicaba, essa ser\u00e1 a quarta f\u00e1brica da empresa a n\u00edvel global, a qual ser\u00e1 respons\u00e1vel pela fabrica\u00e7\u00e3o de pacotes de bateria, sistemas de gerenciamento e de recarga para carros el\u00e9tricos e \u00f4nibus.&nbsp;<\/p>\n\n\n\n<p>De in\u00edcio, a estimativa de capacidade de <strong>produ\u00e7\u00e3o \u00e9 de 4 mil sistemas de baterias no ano<\/strong>, j\u00e1 que parte das mat\u00e9rias-primas \u00e9 importada. As opera\u00e7\u00f5es da BW devem come\u00e7ar no <strong>primeiro trimestre de 2023.<\/strong>&nbsp;<\/p>\n\n\n\n<figure class=\"wp-block-image size-full\"><a href=\"https:\/\/autolist.com.br\/leilao-prime\/\" target=\"_blank\" rel=\"noreferrer noopener\"><img loading=\"lazy\" decoding=\"async\" width=\"1000\" height=\"300\" src=\"https:\/\/www.autolist.com.br\/blog\/wp-content\/uploads\/2022\/12\/banner_blog_-_consulta_leilao_prime.png\" alt=\"\" class=\"wp-image-17429\" srcset=\"https:\/\/www.autolist.com.br\/blog\/wp-content\/uploads\/2022\/12\/banner_blog_-_consulta_leilao_prime.png 1000w, https:\/\/www.autolist.com.br\/blog\/wp-content\/uploads\/2022\/12\/banner_blog_-_consulta_leilao_prime-300x90.png 300w, https:\/\/www.autolist.com.br\/blog\/wp-content\/uploads\/2022\/12\/banner_blog_-_consulta_leilao_prime-768x230.png 768w\" sizes=\"auto, (max-width: 1000px) 100vw, 1000px\" \/><\/a><\/figure>\n\n\n\n<h2 class=\"wp-block-heading\"><strong>As metas de faturamento e produ\u00e7\u00e3o da BorgWarner no Brasil&nbsp;<\/strong><\/h2>\n\n\n\n<p>A empresa teve um faturamento de US$14,8 bilh\u00f5es em 2021. Com a chegada dos sistemas de eletrifica\u00e7\u00e3o, a meta \u00e9 aumentar esse valor em 45%. Para se ter ideia, a energia gerada pela fabricante ser\u00e1 capaz de alimentar 200 casas por ano.&nbsp;<\/p>\n\n\n\n<p>Outro ponto interessante \u00e9 que cerca de <strong>18 milh\u00f5es de toneladas de CO2 foram diminu\u00eddas<\/strong> a partir dos turbos criados pela BW,&nbsp;assim como os motores de combust\u00e3o. Al\u00e9m disso, a produ\u00e7\u00e3o local teve um crescimento de 13,4%, com expectativa que a venda do componente atinja at\u00e9 71% em 2023. <\/p>\n\n\n\n<p>A demanda que a fabricante assumir\u00e1 mostra qu\u00e3o motivada ela est\u00e1 com o projeto de implanta\u00e7\u00e3o da eletrifica\u00e7\u00e3o dos ve\u00edculos no pa\u00eds.&nbsp;Portanto, podemos esperar ainda mais novidades para os pr\u00f3ximos anos. <\/p>\n\n\n\n<p>(Aproveite para ler tamb\u00e9m: <a href=\"https:\/\/autolist.com.br\/tudo-o-que-voce-precisa-saber-sobre-bateria-de-carro-eletrico\/\" target=\"_blank\" rel=\"noreferrer noopener\">Mitos e verdades sobre bateria de carro el\u00e9trico<\/a>).<\/p>\n\n\n\n<p>E ent\u00e3o, achou que esse conte\u00fado foi \u00fatil? Para ler outras mat\u00e9rias como essa, n\u00e3o deixe de acompanhar nosso blog e nossas redes sociais. At\u00e9 a pr\u00f3xima! <\/p>\n\n\n\n<p>Ficou com alguma d\u00favida? Escreva seu coment\u00e1rio aqui embaixo! <\/p>\n","protected":false},"excerpt":{"rendered":"<p>Brasil ter\u00e1 nova f\u00e1brica de baterias para ve\u00edculos el\u00e9tricos. Neste post, mostramos tudo sobre essa novidade prevista para 2023!<\/p>\n","protected":false},"author":4,"featured_media":17425,"comment_status":"closed","ping_status":"closed","sticky":false,"template":"","format":"standard","meta":{"footnotes":""},"categories":[3,9],"tags":[215,103],"class_list":["post-17424","post","type-post","status-publish","format-standard","has-post-thumbnail","hentry","category-analise-veicular","category-todos","tag-bateria","tag-veiculos-eletricos"],"yoast_head":"<!-- This site is optimized with the Yoast SEO plugin v25.1 - https:\/\/yoast.com\/wordpress\/plugins\/seo\/ -->\n<title>Brasil ter\u00e1 nova f\u00e1brica de baterias para ve\u00edculos el\u00e9tricos\u00a0 - Blog - Autolist<\/title>\n<meta name=\"robots\" content=\"index, follow, max-snippet:-1, max-image-preview:large, max-video-preview:-1\" \/>\n<link rel=\"canonical\" href=\"https:\/\/www.autolist.com.br\/blog\/brasil-tera-nova-fabrica-de-baterias-para-veiculos-eletricos\/\" \/>\n<meta property=\"og:locale\" content=\"pt_BR\" \/>\n<meta property=\"og:type\" content=\"article\" \/>\n<meta property=\"og:title\" content=\"Brasil ter\u00e1 nova f\u00e1brica de baterias para ve\u00edculos el\u00e9tricos\u00a0 - Blog - Autolist\" \/>\n<meta property=\"og:description\" content=\"Brasil ter\u00e1 nova f\u00e1brica de baterias para ve\u00edculos el\u00e9tricos. Neste post, mostramos tudo sobre essa novidade prevista para 2023!\" \/>\n<meta property=\"og:url\" content=\"https:\/\/www.autolist.com.br\/blog\/brasil-tera-nova-fabrica-de-baterias-para-veiculos-eletricos\/\" \/>\n<meta property=\"og:site_name\" content=\"Blog - Autolist\" \/>\n<meta property=\"article:publisher\" content=\"https:\/\/www.facebook.com\/autolistconsultasveiculares\" \/>\n<meta property=\"article:published_time\" content=\"2022-12-08T20:24:34+00:00\" \/>\n<meta property=\"og:image\" content=\"https:\/\/www.autolist.com.br\/blog\/wp-content\/uploads\/2022\/12\/closeup-ev-car-charging-battery-from-industrial-electric-charging-machine-on-service-station.jpg\" \/>\n\t<meta property=\"og:image:width\" content=\"1920\" \/>\n\t<meta property=\"og:image:height\" content=\"1047\" \/>\n\t<meta property=\"og:image:type\" content=\"image\/jpeg\" \/>\n<meta name=\"author\" content=\"Let\u00edcia Bariviera\" \/>\n<meta name=\"twitter:card\" content=\"summary_large_image\" \/>\n<meta name=\"twitter:label1\" content=\"Escrito por\" \/>\n\t<meta name=\"twitter:data1\" content=\"Let\u00edcia Bariviera\" \/>\n\t<meta name=\"twitter:label2\" content=\"Est. tempo de leitura\" \/>\n\t<meta name=\"twitter:data2\" content=\"3 minutos\" \/>\n<script type=\"application\/ld+json\" class=\"yoast-schema-graph\">{\"@context\":\"https:\/\/schema.org\",\"@graph\":[{\"@type\":\"Article\",\"@id\":\"https:\/\/www.autolist.com.br\/blog\/brasil-tera-nova-fabrica-de-baterias-para-veiculos-eletricos\/#article\",\"isPartOf\":{\"@id\":\"https:\/\/www.autolist.com.br\/blog\/brasil-tera-nova-fabrica-de-baterias-para-veiculos-eletricos\/\"},\"author\":{\"name\":\"Let\u00edcia Bariviera\",\"@id\":\"https:\/\/www.autolist.com.br\/blog\/#\/schema\/person\/20624ab867cc62b0ef5e51f48121653d\"},\"headline\":\"Brasil ter\u00e1 nova f\u00e1brica de baterias para ve\u00edculos el\u00e9tricos\u00a0\",\"datePublished\":\"2022-12-08T20:24:34+00:00\",\"mainEntityOfPage\":{\"@id\":\"https:\/\/www.autolist.com.br\/blog\/brasil-tera-nova-fabrica-de-baterias-para-veiculos-eletricos\/\"},\"wordCount\":498,\"publisher\":{\"@id\":\"https:\/\/www.autolist.com.br\/blog\/#organization\"},\"image\":{\"@id\":\"https:\/\/www.autolist.com.br\/blog\/brasil-tera-nova-fabrica-de-baterias-para-veiculos-eletricos\/#primaryimage\"},\"thumbnailUrl\":\"https:\/\/www.autolist.com.br\/blog\/wp-content\/uploads\/2022\/12\/closeup-ev-car-charging-battery-from-industrial-electric-charging-machine-on-service-station.jpg\",\"keywords\":[\"bateria\",\"ve\u00edculos el\u00e9tricos\"],\"articleSection\":[\"An\u00e1lise Veicular\",\"Todos\"],\"inLanguage\":\"pt-BR\"},{\"@type\":\"WebPage\",\"@id\":\"https:\/\/www.autolist.com.br\/blog\/brasil-tera-nova-fabrica-de-baterias-para-veiculos-eletricos\/\",\"url\":\"https:\/\/www.autolist.com.br\/blog\/brasil-tera-nova-fabrica-de-baterias-para-veiculos-eletricos\/\",\"name\":\"Brasil ter\u00e1 nova f\u00e1brica de baterias para ve\u00edculos el\u00e9tricos\u00a0 - Blog - Autolist\",\"isPartOf\":{\"@id\":\"https:\/\/www.autolist.com.br\/blog\/#website\"},\"primaryImageOfPage\":{\"@id\":\"https:\/\/www.autolist.com.br\/blog\/brasil-tera-nova-fabrica-de-baterias-para-veiculos-eletricos\/#primaryimage\"},\"image\":{\"@id\":\"https:\/\/www.autolist.com.br\/blog\/brasil-tera-nova-fabrica-de-baterias-para-veiculos-eletricos\/#primaryimage\"},\"thumbnailUrl\":\"https:\/\/www.autolist.com.br\/blog\/wp-content\/uploads\/2022\/12\/closeup-ev-car-charging-battery-from-industrial-electric-charging-machine-on-service-station.jpg\",\"datePublished\":\"2022-12-08T20:24:34+00:00\",\"breadcrumb\":{\"@id\":\"https:\/\/www.autolist.com.br\/blog\/brasil-tera-nova-fabrica-de-baterias-para-veiculos-eletricos\/#breadcrumb\"},\"inLanguage\":\"pt-BR\",\"potentialAction\":[{\"@type\":\"ReadAction\",\"target\":[\"https:\/\/www.autolist.com.br\/blog\/brasil-tera-nova-fabrica-de-baterias-para-veiculos-eletricos\/\"]}]},{\"@type\":\"ImageObject\",\"inLanguage\":\"pt-BR\",\"@id\":\"https:\/\/www.autolist.com.br\/blog\/brasil-tera-nova-fabrica-de-baterias-para-veiculos-eletricos\/#primaryimage\",\"url\":\"https:\/\/www.autolist.com.br\/blog\/wp-content\/uploads\/2022\/12\/closeup-ev-car-charging-battery-from-industrial-electric-charging-machine-on-service-station.jpg\",\"contentUrl\":\"https:\/\/www.autolist.com.br\/blog\/wp-content\/uploads\/2022\/12\/closeup-ev-car-charging-battery-from-industrial-electric-charging-machine-on-service-station.jpg\",\"width\":1920,\"height\":1047},{\"@type\":\"BreadcrumbList\",\"@id\":\"https:\/\/www.autolist.com.br\/blog\/brasil-tera-nova-fabrica-de-baterias-para-veiculos-eletricos\/#breadcrumb\",\"itemListElement\":[{\"@type\":\"ListItem\",\"position\":1,\"name\":\"In\u00edcio\",\"item\":\"https:\/\/www.autolist.com.br\/blog\/\"},{\"@type\":\"ListItem\",\"position\":2,\"name\":\"Brasil ter\u00e1 nova f\u00e1brica de baterias para ve\u00edculos el\u00e9tricos\u00a0\"}]},{\"@type\":\"WebSite\",\"@id\":\"https:\/\/www.autolist.com.br\/blog\/#website\",\"url\":\"https:\/\/www.autolist.com.br\/blog\/\",\"name\":\"Blog - Autolist\",\"description\":\"Consultas Veiculares\",\"publisher\":{\"@id\":\"https:\/\/www.autolist.com.br\/blog\/#organization\"},\"potentialAction\":[{\"@type\":\"SearchAction\",\"target\":{\"@type\":\"EntryPoint\",\"urlTemplate\":\"https:\/\/www.autolist.com.br\/blog\/?s={search_term_string}\"},\"query-input\":{\"@type\":\"PropertyValueSpecification\",\"valueRequired\":true,\"valueName\":\"search_term_string\"}}],\"inLanguage\":\"pt-BR\"},{\"@type\":\"Organization\",\"@id\":\"https:\/\/www.autolist.com.br\/blog\/#organization\",\"name\":\"Blog - Autolist\",\"url\":\"https:\/\/www.autolist.com.br\/blog\/\",\"logo\":{\"@type\":\"ImageObject\",\"inLanguage\":\"pt-BR\",\"@id\":\"https:\/\/www.autolist.com.br\/blog\/#\/schema\/logo\/image\/\",\"url\":\"https:\/\/www.autolist.com.br\/blog\/wp-content\/uploads\/2024\/05\/Logo-Horizontal.png\",\"contentUrl\":\"https:\/\/www.autolist.com.br\/blog\/wp-content\/uploads\/2024\/05\/Logo-Horizontal.png\",\"width\":237,\"height\":60,\"caption\":\"Blog - Autolist\"},\"image\":{\"@id\":\"https:\/\/www.autolist.com.br\/blog\/#\/schema\/logo\/image\/\"},\"sameAs\":[\"https:\/\/www.facebook.com\/autolistconsultasveiculares\",\"https:\/\/www.instagram.com\/autolistcv\/\"]},{\"@type\":\"Person\",\"@id\":\"https:\/\/www.autolist.com.br\/blog\/#\/schema\/person\/20624ab867cc62b0ef5e51f48121653d\",\"name\":\"Let\u00edcia Bariviera\",\"image\":{\"@type\":\"ImageObject\",\"inLanguage\":\"pt-BR\",\"@id\":\"https:\/\/www.autolist.com.br\/blog\/#\/schema\/person\/image\/\",\"url\":\"https:\/\/secure.gravatar.com\/avatar\/805f672da9304da64bca1e55bc2e3b2ca7ab423b4210f8f80fb37bf9c13772c2?s=96&d=mm&r=g\",\"contentUrl\":\"https:\/\/secure.gravatar.com\/avatar\/805f672da9304da64bca1e55bc2e3b2ca7ab423b4210f8f80fb37bf9c13772c2?s=96&d=mm&r=g\",\"caption\":\"Let\u00edcia Bariviera\"},\"url\":\"https:\/\/www.autolist.com.br\/blog\/author\/leticia\/\"}]}<\/script>\n<!-- \/ Yoast SEO plugin. -->","yoast_head_json":{"title":"Brasil ter\u00e1 nova f\u00e1brica de baterias para ve\u00edculos el\u00e9tricos\u00a0 - Blog - Autolist","robots":{"index":"index","follow":"follow","max-snippet":"max-snippet:-1","max-image-preview":"max-image-preview:large","max-video-preview":"max-video-preview:-1"},"canonical":"https:\/\/www.autolist.com.br\/blog\/brasil-tera-nova-fabrica-de-baterias-para-veiculos-eletricos\/","og_locale":"pt_BR","og_type":"article","og_title":"Brasil ter\u00e1 nova f\u00e1brica de baterias para ve\u00edculos el\u00e9tricos\u00a0 - Blog - Autolist","og_description":"Brasil ter\u00e1 nova f\u00e1brica de baterias para ve\u00edculos el\u00e9tricos. Neste post, mostramos tudo sobre essa novidade prevista para 2023!","og_url":"https:\/\/www.autolist.com.br\/blog\/brasil-tera-nova-fabrica-de-baterias-para-veiculos-eletricos\/","og_site_name":"Blog - Autolist","article_publisher":"https:\/\/www.facebook.com\/autolistconsultasveiculares","article_published_time":"2022-12-08T20:24:34+00:00","og_image":[{"width":1920,"height":1047,"url":"https:\/\/www.autolist.com.br\/blog\/wp-content\/uploads\/2022\/12\/closeup-ev-car-charging-battery-from-industrial-electric-charging-machine-on-service-station.jpg","type":"image\/jpeg"}],"author":"Let\u00edcia Bariviera","twitter_card":"summary_large_image","twitter_misc":{"Escrito por":"Let\u00edcia Bariviera","Est. tempo de leitura":"3 minutos"},"schema":{"@context":"https:\/\/schema.org","@graph":[{"@type":"Article","@id":"https:\/\/www.autolist.com.br\/blog\/brasil-tera-nova-fabrica-de-baterias-para-veiculos-eletricos\/#article","isPartOf":{"@id":"https:\/\/www.autolist.com.br\/blog\/brasil-tera-nova-fabrica-de-baterias-para-veiculos-eletricos\/"},"author":{"name":"Let\u00edcia Bariviera","@id":"https:\/\/www.autolist.com.br\/blog\/#\/schema\/person\/20624ab867cc62b0ef5e51f48121653d"},"headline":"Brasil ter\u00e1 nova f\u00e1brica de baterias para ve\u00edculos el\u00e9tricos\u00a0","datePublished":"2022-12-08T20:24:34+00:00","mainEntityOfPage":{"@id":"https:\/\/www.autolist.com.br\/blog\/brasil-tera-nova-fabrica-de-baterias-para-veiculos-eletricos\/"},"wordCount":498,"publisher":{"@id":"https:\/\/www.autolist.com.br\/blog\/#organization"},"image":{"@id":"https:\/\/www.autolist.com.br\/blog\/brasil-tera-nova-fabrica-de-baterias-para-veiculos-eletricos\/#primaryimage"},"thumbnailUrl":"https:\/\/www.autolist.com.br\/blog\/wp-content\/uploads\/2022\/12\/closeup-ev-car-charging-battery-from-industrial-electric-charging-machine-on-service-station.jpg","keywords":["bateria","ve\u00edculos el\u00e9tricos"],"articleSection":["An\u00e1lise Veicular","Todos"],"inLanguage":"pt-BR"},{"@type":"WebPage","@id":"https:\/\/www.autolist.com.br\/blog\/brasil-tera-nova-fabrica-de-baterias-para-veiculos-eletricos\/","url":"https:\/\/www.autolist.com.br\/blog\/brasil-tera-nova-fabrica-de-baterias-para-veiculos-eletricos\/","name":"Brasil ter\u00e1 nova f\u00e1brica de baterias para ve\u00edculos el\u00e9tricos\u00a0 - Blog - Autolist","isPartOf":{"@id":"https:\/\/www.autolist.com.br\/blog\/#website"},"primaryImageOfPage":{"@id":"https:\/\/www.autolist.com.br\/blog\/brasil-tera-nova-fabrica-de-baterias-para-veiculos-eletricos\/#primaryimage"},"image":{"@id":"https:\/\/www.autolist.com.br\/blog\/brasil-tera-nova-fabrica-de-baterias-para-veiculos-eletricos\/#primaryimage"},"thumbnailUrl":"https:\/\/www.autolist.com.br\/blog\/wp-content\/uploads\/2022\/12\/closeup-ev-car-charging-battery-from-industrial-electric-charging-machine-on-service-station.jpg","datePublished":"2022-12-08T20:24:34+00:00","breadcrumb":{"@id":"https:\/\/www.autolist.com.br\/blog\/brasil-tera-nova-fabrica-de-baterias-para-veiculos-eletricos\/#breadcrumb"},"inLanguage":"pt-BR","potentialAction":[{"@type":"ReadAction","target":["https:\/\/www.autolist.com.br\/blog\/brasil-tera-nova-fabrica-de-baterias-para-veiculos-eletricos\/"]}]},{"@type":"ImageObject","inLanguage":"pt-BR","@id":"https:\/\/www.autolist.com.br\/blog\/brasil-tera-nova-fabrica-de-baterias-para-veiculos-eletricos\/#primaryimage","url":"https:\/\/www.autolist.com.br\/blog\/wp-content\/uploads\/2022\/12\/closeup-ev-car-charging-battery-from-industrial-electric-charging-machine-on-service-station.jpg","contentUrl":"https:\/\/www.autolist.com.br\/blog\/wp-content\/uploads\/2022\/12\/closeup-ev-car-charging-battery-from-industrial-electric-charging-machine-on-service-station.jpg","width":1920,"height":1047},{"@type":"BreadcrumbList","@id":"https:\/\/www.autolist.com.br\/blog\/brasil-tera-nova-fabrica-de-baterias-para-veiculos-eletricos\/#breadcrumb","itemListElement":[{"@type":"ListItem","position":1,"name":"In\u00edcio","item":"https:\/\/www.autolist.com.br\/blog\/"},{"@type":"ListItem","position":2,"name":"Brasil ter\u00e1 nova f\u00e1brica de baterias para ve\u00edculos el\u00e9tricos\u00a0"}]},{"@type":"WebSite","@id":"https:\/\/www.autolist.com.br\/blog\/#website","url":"https:\/\/www.autolist.com.br\/blog\/","name":"Blog - Autolist","description":"Consultas Veiculares","publisher":{"@id":"https:\/\/www.autolist.com.br\/blog\/#organization"},"potentialAction":[{"@type":"SearchAction","target":{"@type":"EntryPoint","urlTemplate":"https:\/\/www.autolist.com.br\/blog\/?s={search_term_string}"},"query-input":{"@type":"PropertyValueSpecification","valueRequired":true,"valueName":"search_term_string"}}],"inLanguage":"pt-BR"},{"@type":"Organization","@id":"https:\/\/www.autolist.com.br\/blog\/#organization","name":"Blog - Autolist","url":"https:\/\/www.autolist.com.br\/blog\/","logo":{"@type":"ImageObject","inLanguage":"pt-BR","@id":"https:\/\/www.autolist.com.br\/blog\/#\/schema\/logo\/image\/","url":"https:\/\/www.autolist.com.br\/blog\/wp-content\/uploads\/2024\/05\/Logo-Horizontal.png","contentUrl":"https:\/\/www.autolist.com.br\/blog\/wp-content\/uploads\/2024\/05\/Logo-Horizontal.png","width":237,"height":60,"caption":"Blog - Autolist"},"image":{"@id":"https:\/\/www.autolist.com.br\/blog\/#\/schema\/logo\/image\/"},"sameAs":["https:\/\/www.facebook.com\/autolistconsultasveiculares","https:\/\/www.instagram.com\/autolistcv\/"]},{"@type":"Person","@id":"https:\/\/www.autolist.com.br\/blog\/#\/schema\/person\/20624ab867cc62b0ef5e51f48121653d","name":"Let\u00edcia Bariviera","image":{"@type":"ImageObject","inLanguage":"pt-BR","@id":"https:\/\/www.autolist.com.br\/blog\/#\/schema\/person\/image\/","url":"https:\/\/secure.gravatar.com\/avatar\/805f672da9304da64bca1e55bc2e3b2ca7ab423b4210f8f80fb37bf9c13772c2?s=96&d=mm&r=g","contentUrl":"https:\/\/secure.gravatar.com\/avatar\/805f672da9304da64bca1e55bc2e3b2ca7ab423b4210f8f80fb37bf9c13772c2?s=96&d=mm&r=g","caption":"Let\u00edcia Bariviera"},"url":"https:\/\/www.autolist.com.br\/blog\/author\/leticia\/"}]}},"_links":{"self":[{"href":"https:\/\/www.autolist.com.br\/blog\/wp-json\/wp\/v2\/posts\/17424","targetHints":{"allow":["GET"]}}],"collection":[{"href":"https:\/\/www.autolist.com.br\/blog\/wp-json\/wp\/v2\/posts"}],"about":[{"href":"https:\/\/www.autolist.com.br\/blog\/wp-json\/wp\/v2\/types\/post"}],"author":[{"embeddable":true,"href":"https:\/\/www.autolist.com.br\/blog\/wp-json\/wp\/v2\/users\/4"}],"replies":[{"embeddable":true,"href":"https:\/\/www.autolist.com.br\/blog\/wp-json\/wp\/v2\/comments?post=17424"}],"version-history":[{"count":0,"href":"https:\/\/www.autolist.com.br\/blog\/wp-json\/wp\/v2\/posts\/17424\/revisions"}],"wp:featuredmedia":[{"embeddable":true,"href":"https:\/\/www.autolist.com.br\/blog\/wp-json\/wp\/v2\/media\/17425"}],"wp:attachment":[{"href":"https:\/\/www.autolist.com.br\/blog\/wp-json\/wp\/v2\/media?parent=17424"}],"wp:term":[{"taxonomy":"category","embeddable":true,"href":"https:\/\/www.autolist.com.br\/blog\/wp-json\/wp\/v2\/categories?post=17424"},{"taxonomy":"post_tag","embeddable":true,"href":"https:\/\/www.autolist.com.br\/blog\/wp-json\/wp\/v2\/tags?post=17424"}],"curies":[{"name":"wp","href":"https:\/\/api.w.org\/{rel}","templated":true}]}}