{"id":18900,"date":"2023-11-16T10:39:42","date_gmt":"2023-11-16T13:39:42","guid":{"rendered":"https:\/\/autolist.com.br\/?p=18900"},"modified":"2023-11-16T10:39:42","modified_gmt":"2023-11-16T13:39:42","slug":"cuidados-com-o-carro-no-verao-dicas-de-conservacao","status":"publish","type":"post","link":"https:\/\/www.autolist.com.br\/blog\/cuidados-com-o-carro-no-verao-dicas-de-conservacao\/","title":{"rendered":"<strong>8 Cuidados com o carro no ver\u00e3o: dicas de conserva\u00e7\u00e3o!<\/strong>\u00a0"},"content":{"rendered":"\n<p>Os dias est\u00e3o cada vez mais quentes no Brasil, registrando temperaturas recordes que superam os 40\u00ba. Ainda nem chegamos de fato no ver\u00e3o, mas desde o in\u00edcio da primavera, em setembro, temos enfrentado ondas de calor intenso.&nbsp;<\/p>\n\n\n\n<p>Nessa \u00e9poca do ano, a precau\u00e7\u00e3o com a sa\u00fade deve ser dobrada. Mas n\u00e3o \u00e9 s\u00f3 a gente que sofre com as altas temperaturas n\u00e3o, \u00e9 preciso ter alguns <strong>cuidados com o carro no ver\u00e3o <\/strong>para n\u00e3o comprometer sua conserva\u00e7\u00e3o e funcionamento.&nbsp;<\/p>\n\n\n\n<p>Por isso, neste post, listamos 8 pontos do ve\u00edculo que demandam aten\u00e7\u00e3o na esta\u00e7\u00e3o mais quente do ano. Continue a leitura para conferir!\u00a0<\/p>\n\n\n\n<h2 class=\"wp-block-heading\"><strong>Cuidados com o carro no ver\u00e3o: como mant\u00ea-lo conservado?<\/strong><\/h2>\n\n\n\n<p>Alguns cuidados b\u00e1sicos podem fazer toda a diferen\u00e7a no que diz respeito \u00e0 preserva\u00e7\u00e3o do autom\u00f3vel no ver\u00e3o. Veja agora as dicas que preparamos para voc\u00ea!&nbsp;<\/p>\n\n\n\n<h3 class=\"wp-block-heading\"><strong>1. N\u00edveis de fluidos<\/strong><\/h3>\n\n\n\n<p>Certifique-se de que o n\u00edvel de \u00f3leo do motor e o l\u00edquido de arrefecimento est\u00e3o adequados. Confira tamb\u00e9m o fluido do sistema de dire\u00e7\u00e3o hidr\u00e1ulica, fluido de freio e l\u00edquido do lavador de para-brisa.<\/p>\n\n\n\n<h3 class=\"wp-block-heading\"><strong>2. Sistema de arrefecimento<\/strong><\/h3>\n\n\n\n<p>Como acabamos de mencionar, \u00e9 importante observar regularmente se o l\u00edquido de arrefecimento do motor est\u00e1 no n\u00edvel certo, entre o m\u00ednimo e o m\u00e1ximo.<\/p>\n\n\n\n<h3 class=\"wp-block-heading\"><strong>3. Sistema de refrigera\u00e7\u00e3o<\/strong><\/h3>\n\n\n\n<p>Verifique se a v\u00e1lvula termost\u00e1tica est\u00e1 funcionando corretamente. Quando danificada, ela pode comprometer o fluxo do l\u00edquido de arrefecimento e causar superaquecimento.<\/p>\n\n\n\n<h3 class=\"wp-block-heading\">4. <strong>Sistema de freios<\/strong><\/h3>\n\n\n\n<p>Veja periodicamente como est\u00e1 o fluido dos freios, a estanqueidade do sistema e as pastilhas de freio.\u00a0<\/p>\n\n\n\n<figure class=\"wp-block-image size-full\"><a href=\"https:\/\/lp.autolist.com.br\/site-autonews\/?utm_source=banner&amp;utm_medium=blog&amp;utm_campaign=cuidados_com_carro\" target=\"_blank\" rel=\"noreferrer noopener\"><img loading=\"lazy\" decoding=\"async\" width=\"1000\" height=\"300\" src=\"https:\/\/www.autolist.com.br\/blog\/wp-content\/uploads\/2023\/01\/banner-blog-auto-news-2.png\" alt=\"\" class=\"wp-image-17661\" srcset=\"https:\/\/www.autolist.com.br\/blog\/wp-content\/uploads\/2023\/01\/banner-blog-auto-news-2.png 1000w, https:\/\/www.autolist.com.br\/blog\/wp-content\/uploads\/2023\/01\/banner-blog-auto-news-2-300x90.png 300w, https:\/\/www.autolist.com.br\/blog\/wp-content\/uploads\/2023\/01\/banner-blog-auto-news-2-768x230.png 768w\" sizes=\"auto, (max-width: 1000px) 100vw, 1000px\" \/><\/a><\/figure>\n\n\n\n<h3 class=\"wp-block-heading\"><strong>5. \u00d3leo do motor<\/strong><\/h3>\n\n\n\n<p>Certifique-se de que o \u00f3leo do motor est\u00e1 em boas condi\u00e7\u00f5es e no n\u00edvel adequado. O calor excessivo pode afetar a viscosidade do \u00f3leo e interferir no desempenho do motor.<\/p>\n\n\n\n<h3 class=\"wp-block-heading\"><strong>6. Pneus<\/strong><\/h3>\n\n\n\n<p>Temperaturas elevadas tamb\u00e9m podem impactar a press\u00e3o dos pneus. Fique atento a isso e os mantenha ajustados conforme as recomenda\u00e7\u00f5es do fabricante.<\/p>\n\n\n\n<h3 class=\"wp-block-heading\"><strong>7. Ar-condicionado\u00a0<\/strong><\/h3>\n\n\n\n<p>Outro componente que merece cuidado \u00e9 o ar-condicionado. Afinal de contas, ele tem sido altamente requisitado nos \u00faltimos dias. Ent\u00e3o, verifique como est\u00e1 o sistema e, se necess\u00e1rio, substitua o filtro para mant\u00ea-lo limpo interiormente.\u00a0<\/p>\n\n\n\n<h3 class=\"wp-block-heading\"><strong>8. Estacione na sombra<\/strong><\/h3>\n\n\n\n<p>Manter o carro sol n\u00e3o s\u00f3 causa superaquecimento interno, como prejudica a pintura da lataria a longo prazo. Portanto, a dica \u00e9, sempre que poss\u00edvel, estacionar o ve\u00edculo na sombra.<\/p>\n\n\n\n<p>Voc\u00ea acabou de conferir 8 cuidados com o carro no ver\u00e3o. Esperamos que tenha gostado deste conte\u00fado!\u00a0<\/p>\n\n\n\n<p><em>(Se quiser, leia tamb\u00e9m: <a href=\"https:\/\/autolist.com.br\/cuidados-com-o-carro-no-inverno\/\" target=\"_blank\" rel=\"noreferrer noopener\">7 Cuidados com o carro no inverno<\/a>)<\/em>.<\/p>\n\n\n\n<p>Para ler outras mat\u00e9rias como essa, n\u00e3o deixe de acompanhar o blog da Autolist. At\u00e9 a pr\u00f3xima!&nbsp;<\/p>\n","protected":false},"excerpt":{"rendered":"<p>O Brasil tem registrado temperaturas cada vez mais altas, em diversas regi\u00f5es. Por isso, confira agora 8 cuidados com o carro no ver\u00e3o! <\/p>\n","protected":false},"author":4,"featured_media":18902,"comment_status":"closed","ping_status":"closed","sticky":false,"template":"","format":"standard","meta":{"footnotes":""},"categories":[3],"tags":[249,266],"class_list":["post-18900","post","type-post","status-publish","format-standard","has-post-thumbnail","hentry","category-analise-veicular","tag-cuidados-com-o-carro","tag-cuidados-com-o-carro-no-verao"],"yoast_head":"<!-- This site is optimized with the Yoast SEO plugin v25.1 - https:\/\/yoast.com\/wordpress\/plugins\/seo\/ -->\n<title>Veja 8 cuidados com o carro no ver\u00e3o<\/title>\n<meta name=\"description\" content=\"O Brasil tem registrado temperaturas cada vez mais altas, em diversas regi\u00f5es. Por isso, confira agora 8 cuidados com o carro no ver\u00e3o!\" \/>\n<meta name=\"robots\" content=\"index, follow, max-snippet:-1, max-image-preview:large, max-video-preview:-1\" \/>\n<link rel=\"canonical\" href=\"https:\/\/www.autolist.com.br\/blog\/cuidados-com-o-carro-no-verao-dicas-de-conservacao\/\" \/>\n<meta property=\"og:locale\" content=\"pt_BR\" \/>\n<meta property=\"og:type\" content=\"article\" \/>\n<meta property=\"og:title\" content=\"Veja 8 cuidados com o carro no ver\u00e3o\" \/>\n<meta property=\"og:description\" content=\"O Brasil tem registrado temperaturas cada vez mais altas, em diversas regi\u00f5es. Por isso, confira agora 8 cuidados com o carro no ver\u00e3o!\" \/>\n<meta property=\"og:url\" content=\"https:\/\/www.autolist.com.br\/blog\/cuidados-com-o-carro-no-verao-dicas-de-conservacao\/\" \/>\n<meta property=\"og:site_name\" content=\"Blog - Autolist\" \/>\n<meta property=\"article:publisher\" content=\"https:\/\/www.facebook.com\/autolistconsultasveiculares\" \/>\n<meta property=\"article:published_time\" content=\"2023-11-16T13:39:42+00:00\" \/>\n<meta property=\"og:image\" content=\"https:\/\/autolist.com.br\/blog\/wp-content\/uploads\/2023\/11\/carro-suv-dirigindo-rapido-na-estrada-intermunicipal-ao-por-do-sol-trafego-rodoviario-a-noite.jpg\" \/>\n\t<meta property=\"og:image:width\" content=\"1920\" \/>\n\t<meta property=\"og:image:height\" content=\"1280\" \/>\n\t<meta property=\"og:image:type\" content=\"image\/jpeg\" \/>\n<meta name=\"author\" content=\"Let\u00edcia Bariviera\" \/>\n<meta name=\"twitter:card\" content=\"summary_large_image\" \/>\n<meta name=\"twitter:label1\" content=\"Escrito por\" \/>\n\t<meta name=\"twitter:data1\" content=\"Let\u00edcia Bariviera\" \/>\n\t<meta name=\"twitter:label2\" content=\"Est. tempo de leitura\" \/>\n\t<meta name=\"twitter:data2\" content=\"3 minutos\" \/>\n<script type=\"application\/ld+json\" class=\"yoast-schema-graph\">{\"@context\":\"https:\/\/schema.org\",\"@graph\":[{\"@type\":\"Article\",\"@id\":\"https:\/\/www.autolist.com.br\/blog\/cuidados-com-o-carro-no-verao-dicas-de-conservacao\/#article\",\"isPartOf\":{\"@id\":\"https:\/\/www.autolist.com.br\/blog\/cuidados-com-o-carro-no-verao-dicas-de-conservacao\/\"},\"author\":{\"name\":\"Let\u00edcia Bariviera\",\"@id\":\"https:\/\/www.autolist.com.br\/blog\/#\/schema\/person\/20624ab867cc62b0ef5e51f48121653d\"},\"headline\":\"8 Cuidados com o carro no ver\u00e3o: dicas de conserva\u00e7\u00e3o!\u00a0\",\"datePublished\":\"2023-11-16T13:39:42+00:00\",\"mainEntityOfPage\":{\"@id\":\"https:\/\/www.autolist.com.br\/blog\/cuidados-com-o-carro-no-verao-dicas-de-conservacao\/\"},\"wordCount\":475,\"publisher\":{\"@id\":\"https:\/\/www.autolist.com.br\/blog\/#organization\"},\"image\":{\"@id\":\"https:\/\/www.autolist.com.br\/blog\/cuidados-com-o-carro-no-verao-dicas-de-conservacao\/#primaryimage\"},\"thumbnailUrl\":\"https:\/\/www.autolist.com.br\/blog\/wp-content\/uploads\/2023\/11\/carro-suv-dirigindo-rapido-na-estrada-intermunicipal-ao-por-do-sol-trafego-rodoviario-a-noite.jpg\",\"keywords\":[\"cuidados com o carro\",\"cuidados com o carro no ver\u00e3o\"],\"articleSection\":[\"An\u00e1lise Veicular\"],\"inLanguage\":\"pt-BR\"},{\"@type\":\"WebPage\",\"@id\":\"https:\/\/www.autolist.com.br\/blog\/cuidados-com-o-carro-no-verao-dicas-de-conservacao\/\",\"url\":\"https:\/\/www.autolist.com.br\/blog\/cuidados-com-o-carro-no-verao-dicas-de-conservacao\/\",\"name\":\"Veja 8 cuidados com o carro no ver\u00e3o\",\"isPartOf\":{\"@id\":\"https:\/\/www.autolist.com.br\/blog\/#website\"},\"primaryImageOfPage\":{\"@id\":\"https:\/\/www.autolist.com.br\/blog\/cuidados-com-o-carro-no-verao-dicas-de-conservacao\/#primaryimage\"},\"image\":{\"@id\":\"https:\/\/www.autolist.com.br\/blog\/cuidados-com-o-carro-no-verao-dicas-de-conservacao\/#primaryimage\"},\"thumbnailUrl\":\"https:\/\/www.autolist.com.br\/blog\/wp-content\/uploads\/2023\/11\/carro-suv-dirigindo-rapido-na-estrada-intermunicipal-ao-por-do-sol-trafego-rodoviario-a-noite.jpg\",\"datePublished\":\"2023-11-16T13:39:42+00:00\",\"description\":\"O Brasil tem registrado temperaturas cada vez mais altas, em diversas regi\u00f5es. Por isso, confira agora 8 cuidados com o carro no ver\u00e3o!\",\"breadcrumb\":{\"@id\":\"https:\/\/www.autolist.com.br\/blog\/cuidados-com-o-carro-no-verao-dicas-de-conservacao\/#breadcrumb\"},\"inLanguage\":\"pt-BR\",\"potentialAction\":[{\"@type\":\"ReadAction\",\"target\":[\"https:\/\/www.autolist.com.br\/blog\/cuidados-com-o-carro-no-verao-dicas-de-conservacao\/\"]}]},{\"@type\":\"ImageObject\",\"inLanguage\":\"pt-BR\",\"@id\":\"https:\/\/www.autolist.com.br\/blog\/cuidados-com-o-carro-no-verao-dicas-de-conservacao\/#primaryimage\",\"url\":\"https:\/\/www.autolist.com.br\/blog\/wp-content\/uploads\/2023\/11\/carro-suv-dirigindo-rapido-na-estrada-intermunicipal-ao-por-do-sol-trafego-rodoviario-a-noite.jpg\",\"contentUrl\":\"https:\/\/www.autolist.com.br\/blog\/wp-content\/uploads\/2023\/11\/carro-suv-dirigindo-rapido-na-estrada-intermunicipal-ao-por-do-sol-trafego-rodoviario-a-noite.jpg\",\"width\":1920,\"height\":1280},{\"@type\":\"BreadcrumbList\",\"@id\":\"https:\/\/www.autolist.com.br\/blog\/cuidados-com-o-carro-no-verao-dicas-de-conservacao\/#breadcrumb\",\"itemListElement\":[{\"@type\":\"ListItem\",\"position\":1,\"name\":\"In\u00edcio\",\"item\":\"https:\/\/www.autolist.com.br\/blog\/\"},{\"@type\":\"ListItem\",\"position\":2,\"name\":\"8 Cuidados com o carro no ver\u00e3o: dicas de conserva\u00e7\u00e3o!\u00a0\"}]},{\"@type\":\"WebSite\",\"@id\":\"https:\/\/www.autolist.com.br\/blog\/#website\",\"url\":\"https:\/\/www.autolist.com.br\/blog\/\",\"name\":\"Blog - Autolist\",\"description\":\"Consultas Veiculares\",\"publisher\":{\"@id\":\"https:\/\/www.autolist.com.br\/blog\/#organization\"},\"potentialAction\":[{\"@type\":\"SearchAction\",\"target\":{\"@type\":\"EntryPoint\",\"urlTemplate\":\"https:\/\/www.autolist.com.br\/blog\/?s={search_term_string}\"},\"query-input\":{\"@type\":\"PropertyValueSpecification\",\"valueRequired\":true,\"valueName\":\"search_term_string\"}}],\"inLanguage\":\"pt-BR\"},{\"@type\":\"Organization\",\"@id\":\"https:\/\/www.autolist.com.br\/blog\/#organization\",\"name\":\"Blog - Autolist\",\"url\":\"https:\/\/www.autolist.com.br\/blog\/\",\"logo\":{\"@type\":\"ImageObject\",\"inLanguage\":\"pt-BR\",\"@id\":\"https:\/\/www.autolist.com.br\/blog\/#\/schema\/logo\/image\/\",\"url\":\"https:\/\/www.autolist.com.br\/blog\/wp-content\/uploads\/2024\/05\/Logo-Horizontal.png\",\"contentUrl\":\"https:\/\/www.autolist.com.br\/blog\/wp-content\/uploads\/2024\/05\/Logo-Horizontal.png\",\"width\":237,\"height\":60,\"caption\":\"Blog - Autolist\"},\"image\":{\"@id\":\"https:\/\/www.autolist.com.br\/blog\/#\/schema\/logo\/image\/\"},\"sameAs\":[\"https:\/\/www.facebook.com\/autolistconsultasveiculares\",\"https:\/\/www.instagram.com\/autolistcv\/\"]},{\"@type\":\"Person\",\"@id\":\"https:\/\/www.autolist.com.br\/blog\/#\/schema\/person\/20624ab867cc62b0ef5e51f48121653d\",\"name\":\"Let\u00edcia Bariviera\",\"image\":{\"@type\":\"ImageObject\",\"inLanguage\":\"pt-BR\",\"@id\":\"https:\/\/www.autolist.com.br\/blog\/#\/schema\/person\/image\/\",\"url\":\"https:\/\/secure.gravatar.com\/avatar\/805f672da9304da64bca1e55bc2e3b2ca7ab423b4210f8f80fb37bf9c13772c2?s=96&d=mm&r=g\",\"contentUrl\":\"https:\/\/secure.gravatar.com\/avatar\/805f672da9304da64bca1e55bc2e3b2ca7ab423b4210f8f80fb37bf9c13772c2?s=96&d=mm&r=g\",\"caption\":\"Let\u00edcia Bariviera\"},\"url\":\"https:\/\/www.autolist.com.br\/blog\/author\/leticia\/\"}]}<\/script>\n<!-- \/ Yoast SEO plugin. -->","yoast_head_json":{"title":"Veja 8 cuidados com o carro no ver\u00e3o","description":"O Brasil tem registrado temperaturas cada vez mais altas, em diversas regi\u00f5es. Por isso, confira agora 8 cuidados com o carro no ver\u00e3o!","robots":{"index":"index","follow":"follow","max-snippet":"max-snippet:-1","max-image-preview":"max-image-preview:large","max-video-preview":"max-video-preview:-1"},"canonical":"https:\/\/www.autolist.com.br\/blog\/cuidados-com-o-carro-no-verao-dicas-de-conservacao\/","og_locale":"pt_BR","og_type":"article","og_title":"Veja 8 cuidados com o carro no ver\u00e3o","og_description":"O Brasil tem registrado temperaturas cada vez mais altas, em diversas regi\u00f5es. Por isso, confira agora 8 cuidados com o carro no ver\u00e3o!","og_url":"https:\/\/www.autolist.com.br\/blog\/cuidados-com-o-carro-no-verao-dicas-de-conservacao\/","og_site_name":"Blog - Autolist","article_publisher":"https:\/\/www.facebook.com\/autolistconsultasveiculares","article_published_time":"2023-11-16T13:39:42+00:00","og_image":[{"width":1920,"height":1280,"url":"https:\/\/autolist.com.br\/blog\/wp-content\/uploads\/2023\/11\/carro-suv-dirigindo-rapido-na-estrada-intermunicipal-ao-por-do-sol-trafego-rodoviario-a-noite.jpg","type":"image\/jpeg"}],"author":"Let\u00edcia Bariviera","twitter_card":"summary_large_image","twitter_misc":{"Escrito por":"Let\u00edcia Bariviera","Est. tempo de leitura":"3 minutos"},"schema":{"@context":"https:\/\/schema.org","@graph":[{"@type":"Article","@id":"https:\/\/www.autolist.com.br\/blog\/cuidados-com-o-carro-no-verao-dicas-de-conservacao\/#article","isPartOf":{"@id":"https:\/\/www.autolist.com.br\/blog\/cuidados-com-o-carro-no-verao-dicas-de-conservacao\/"},"author":{"name":"Let\u00edcia Bariviera","@id":"https:\/\/www.autolist.com.br\/blog\/#\/schema\/person\/20624ab867cc62b0ef5e51f48121653d"},"headline":"8 Cuidados com o carro no ver\u00e3o: dicas de conserva\u00e7\u00e3o!\u00a0","datePublished":"2023-11-16T13:39:42+00:00","mainEntityOfPage":{"@id":"https:\/\/www.autolist.com.br\/blog\/cuidados-com-o-carro-no-verao-dicas-de-conservacao\/"},"wordCount":475,"publisher":{"@id":"https:\/\/www.autolist.com.br\/blog\/#organization"},"image":{"@id":"https:\/\/www.autolist.com.br\/blog\/cuidados-com-o-carro-no-verao-dicas-de-conservacao\/#primaryimage"},"thumbnailUrl":"https:\/\/www.autolist.com.br\/blog\/wp-content\/uploads\/2023\/11\/carro-suv-dirigindo-rapido-na-estrada-intermunicipal-ao-por-do-sol-trafego-rodoviario-a-noite.jpg","keywords":["cuidados com o carro","cuidados com o carro no ver\u00e3o"],"articleSection":["An\u00e1lise Veicular"],"inLanguage":"pt-BR"},{"@type":"WebPage","@id":"https:\/\/www.autolist.com.br\/blog\/cuidados-com-o-carro-no-verao-dicas-de-conservacao\/","url":"https:\/\/www.autolist.com.br\/blog\/cuidados-com-o-carro-no-verao-dicas-de-conservacao\/","name":"Veja 8 cuidados com o carro no ver\u00e3o","isPartOf":{"@id":"https:\/\/www.autolist.com.br\/blog\/#website"},"primaryImageOfPage":{"@id":"https:\/\/www.autolist.com.br\/blog\/cuidados-com-o-carro-no-verao-dicas-de-conservacao\/#primaryimage"},"image":{"@id":"https:\/\/www.autolist.com.br\/blog\/cuidados-com-o-carro-no-verao-dicas-de-conservacao\/#primaryimage"},"thumbnailUrl":"https:\/\/www.autolist.com.br\/blog\/wp-content\/uploads\/2023\/11\/carro-suv-dirigindo-rapido-na-estrada-intermunicipal-ao-por-do-sol-trafego-rodoviario-a-noite.jpg","datePublished":"2023-11-16T13:39:42+00:00","description":"O Brasil tem registrado temperaturas cada vez mais altas, em diversas regi\u00f5es. Por isso, confira agora 8 cuidados com o carro no ver\u00e3o!","breadcrumb":{"@id":"https:\/\/www.autolist.com.br\/blog\/cuidados-com-o-carro-no-verao-dicas-de-conservacao\/#breadcrumb"},"inLanguage":"pt-BR","potentialAction":[{"@type":"ReadAction","target":["https:\/\/www.autolist.com.br\/blog\/cuidados-com-o-carro-no-verao-dicas-de-conservacao\/"]}]},{"@type":"ImageObject","inLanguage":"pt-BR","@id":"https:\/\/www.autolist.com.br\/blog\/cuidados-com-o-carro-no-verao-dicas-de-conservacao\/#primaryimage","url":"https:\/\/www.autolist.com.br\/blog\/wp-content\/uploads\/2023\/11\/carro-suv-dirigindo-rapido-na-estrada-intermunicipal-ao-por-do-sol-trafego-rodoviario-a-noite.jpg","contentUrl":"https:\/\/www.autolist.com.br\/blog\/wp-content\/uploads\/2023\/11\/carro-suv-dirigindo-rapido-na-estrada-intermunicipal-ao-por-do-sol-trafego-rodoviario-a-noite.jpg","width":1920,"height":1280},{"@type":"BreadcrumbList","@id":"https:\/\/www.autolist.com.br\/blog\/cuidados-com-o-carro-no-verao-dicas-de-conservacao\/#breadcrumb","itemListElement":[{"@type":"ListItem","position":1,"name":"In\u00edcio","item":"https:\/\/www.autolist.com.br\/blog\/"},{"@type":"ListItem","position":2,"name":"8 Cuidados com o carro no ver\u00e3o: dicas de conserva\u00e7\u00e3o!\u00a0"}]},{"@type":"WebSite","@id":"https:\/\/www.autolist.com.br\/blog\/#website","url":"https:\/\/www.autolist.com.br\/blog\/","name":"Blog - Autolist","description":"Consultas Veiculares","publisher":{"@id":"https:\/\/www.autolist.com.br\/blog\/#organization"},"potentialAction":[{"@type":"SearchAction","target":{"@type":"EntryPoint","urlTemplate":"https:\/\/www.autolist.com.br\/blog\/?s={search_term_string}"},"query-input":{"@type":"PropertyValueSpecification","valueRequired":true,"valueName":"search_term_string"}}],"inLanguage":"pt-BR"},{"@type":"Organization","@id":"https:\/\/www.autolist.com.br\/blog\/#organization","name":"Blog - Autolist","url":"https:\/\/www.autolist.com.br\/blog\/","logo":{"@type":"ImageObject","inLanguage":"pt-BR","@id":"https:\/\/www.autolist.com.br\/blog\/#\/schema\/logo\/image\/","url":"https:\/\/www.autolist.com.br\/blog\/wp-content\/uploads\/2024\/05\/Logo-Horizontal.png","contentUrl":"https:\/\/www.autolist.com.br\/blog\/wp-content\/uploads\/2024\/05\/Logo-Horizontal.png","width":237,"height":60,"caption":"Blog - Autolist"},"image":{"@id":"https:\/\/www.autolist.com.br\/blog\/#\/schema\/logo\/image\/"},"sameAs":["https:\/\/www.facebook.com\/autolistconsultasveiculares","https:\/\/www.instagram.com\/autolistcv\/"]},{"@type":"Person","@id":"https:\/\/www.autolist.com.br\/blog\/#\/schema\/person\/20624ab867cc62b0ef5e51f48121653d","name":"Let\u00edcia Bariviera","image":{"@type":"ImageObject","inLanguage":"pt-BR","@id":"https:\/\/www.autolist.com.br\/blog\/#\/schema\/person\/image\/","url":"https:\/\/secure.gravatar.com\/avatar\/805f672da9304da64bca1e55bc2e3b2ca7ab423b4210f8f80fb37bf9c13772c2?s=96&d=mm&r=g","contentUrl":"https:\/\/secure.gravatar.com\/avatar\/805f672da9304da64bca1e55bc2e3b2ca7ab423b4210f8f80fb37bf9c13772c2?s=96&d=mm&r=g","caption":"Let\u00edcia Bariviera"},"url":"https:\/\/www.autolist.com.br\/blog\/author\/leticia\/"}]}},"_links":{"self":[{"href":"https:\/\/www.autolist.com.br\/blog\/wp-json\/wp\/v2\/posts\/18900","targetHints":{"allow":["GET"]}}],"collection":[{"href":"https:\/\/www.autolist.com.br\/blog\/wp-json\/wp\/v2\/posts"}],"about":[{"href":"https:\/\/www.autolist.com.br\/blog\/wp-json\/wp\/v2\/types\/post"}],"author":[{"embeddable":true,"href":"https:\/\/www.autolist.com.br\/blog\/wp-json\/wp\/v2\/users\/4"}],"replies":[{"embeddable":true,"href":"https:\/\/www.autolist.com.br\/blog\/wp-json\/wp\/v2\/comments?post=18900"}],"version-history":[{"count":0,"href":"https:\/\/www.autolist.com.br\/blog\/wp-json\/wp\/v2\/posts\/18900\/revisions"}],"wp:featuredmedia":[{"embeddable":true,"href":"https:\/\/www.autolist.com.br\/blog\/wp-json\/wp\/v2\/media\/18902"}],"wp:attachment":[{"href":"https:\/\/www.autolist.com.br\/blog\/wp-json\/wp\/v2\/media?parent=18900"}],"wp:term":[{"taxonomy":"category","embeddable":true,"href":"https:\/\/www.autolist.com.br\/blog\/wp-json\/wp\/v2\/categories?post=18900"},{"taxonomy":"post_tag","embeddable":true,"href":"https:\/\/www.autolist.com.br\/blog\/wp-json\/wp\/v2\/tags?post=18900"}],"curies":[{"name":"wp","href":"https:\/\/api.w.org\/{rel}","templated":true}]}}