{"id":5896,"date":"2020-10-15T10:04:20","date_gmt":"2020-10-15T13:04:20","guid":{"rendered":"https:\/\/autolist.com.br\/?p=5896"},"modified":"2020-10-15T10:04:20","modified_gmt":"2020-10-15T13:04:20","slug":"mercado-de-carros-seminovos-pandemia","status":"publish","type":"post","link":"https:\/\/www.autolist.com.br\/blog\/mercado-de-carros-seminovos-pandemia\/","title":{"rendered":"<strong>O mercado de carros seminovos durante a pandemia do Coronav\u00edrus<\/strong>"},"content":{"rendered":"\n<p>Desde que a pandemia do novo coronav\u00edrus teve in\u00edcio, o mercado, como um todo, mudou completamente. Diversos setores foram impactados positiva e negativamente, alguns mais do que outros. Mas e o <strong>mercado de carros seminovos<\/strong>, como est\u00e1 durante a pandemia? Como ser\u00e1 o per\u00edodo p\u00f3s Covid-19?&nbsp;<\/p>\n\n\n\n<p>Se essas d\u00favidas tamb\u00e9m s\u00e3o suas, continue por aqui. No post de hoje vamos falar sobre o mercado automotivo frente a situa\u00e7\u00e3o que estamos passando e te mostrar como est\u00e3o as vendas nesse momento!&nbsp;<\/p>\n\n\n\n<p>Vamos l\u00e1?<\/p>\n\n\n\n<h2 class=\"wp-block-heading\"><strong>O cen\u00e1rio do mercado de carros seminovos e usados durante a pandemia&nbsp;<\/strong><\/h2>\n\n\n\n<p>A economia, os servi\u00e7os prestados \u00e0 popula\u00e7\u00e3o, as contrata\u00e7\u00f5es para vagas de empregos&nbsp; \u2014 de maneira geral \u2014 tudo foi afetado com a chegada do coronav\u00edrus. O que ningu\u00e9m esperava, talvez, \u00e9 que em meio a tantas turbul\u00eancias e incertezas, o mercado automotivo conseguiria se reerguer e se manter aquecido.&nbsp;<\/p>\n\n\n\n<p>Para se ter ideia, o<strong> segmento de carros seminovos <\/strong>come\u00e7ou a apresentar n\u00fameros mais satisfat\u00f3rios do que antes da pandemia. <\/p>\n\n\n\n<p>De acordo com dados publicados pela <strong>Fenauto <\/strong>(Federa\u00e7\u00e3o Nacional das Associa\u00e7\u00f5es dos Revendedores de Ve\u00edculos Automotores), o in\u00edcio de setembro demonstrou uma porcentagem ainda melhor do que o mesmo m\u00eas do ano passado.&nbsp;<\/p>\n\n\n\n<p>Foi constatado um <strong>aumento de cerca de 8,47%<\/strong> j\u00e1 na terceira semana de setembro, o que resulta, em m\u00e9dia, 8 mil ve\u00edculos negociados ao dia. Isso mostra que o setor vem se recuperando, depois de passar por uma queda em mar\u00e7o, abril e maio,.<\/p>\n\n\n\n<h2 class=\"wp-block-heading\"><strong>Como o consumidor tem se comportado nesse momento<\/strong><\/h2>\n\n\n<div class=\"wp-block-image\">\n<figure class=\"aligncenter size-full\"><a href=\"https:\/\/autolist.com.br\/proprietarios-anteriores\/\" target=\"_blank\" rel=\"noreferrer noopener\"><img loading=\"lazy\" decoding=\"async\" width=\"1000\" height=\"300\" src=\"https:\/\/www.autolist.com.br\/blog\/wp-content\/uploads\/2022\/08\/BANNER-2-1000X300-4.png\" alt=\"\" class=\"wp-image-16792\" srcset=\"https:\/\/www.autolist.com.br\/blog\/wp-content\/uploads\/2022\/08\/BANNER-2-1000X300-4.png 1000w, https:\/\/www.autolist.com.br\/blog\/wp-content\/uploads\/2022\/08\/BANNER-2-1000X300-4-300x90.png 300w, https:\/\/www.autolist.com.br\/blog\/wp-content\/uploads\/2022\/08\/BANNER-2-1000X300-4-768x230.png 768w\" sizes=\"auto, (max-width: 1000px) 100vw, 1000px\" \/><\/a><\/figure>\n<\/div>\n\n\n<p>Algumas pesquisas realizadas apontam para uma mudan\u00e7a no mercado de carros no Brasil. Isso porque, pela forma de cont\u00e1gio do Covid-19, as pessoas est\u00e3o preocupadas em utilizar transporte p\u00fablico, ubers, t\u00e1xis, entre outros meios de transporte que s\u00e3o compartilhados.&nbsp;<\/p>\n\n\n\n<p>Trata-se de uma quest\u00e3o de seguran\u00e7a que vem despertando desejo e criando a necessidade no consumidor de ter seu pr\u00f3prio ve\u00edculo.&nbsp;<\/p>\n\n\n\n<p>Por outro lado, diante da crise econ\u00f4mica e o desemprego que o coronav\u00edrus gerou, h\u00e1 aqueles que ficam ainda mais receosos em perder o emprego e n\u00e3o conseguirem pagar um financiamento, por exemplo.&nbsp;<\/p>\n\n\n\n<p>S\u00e3o duas situa\u00e7\u00f5es, mas a expectativa \u00e9 que a primeira se sobressaia e o setor automotivo se mantenha crescente e aquecido.&nbsp;<\/p>\n\n\n\n<h2 class=\"wp-block-heading\"><strong>Confira 5 carros seminovos que sofreram maior deprecia\u00e7\u00e3o na pandemia&nbsp;<\/strong><\/h2>\n\n\n\n<p>Alguns autom\u00f3veis apresentaram um \u00edndice de desvaloriza\u00e7\u00e3o consider\u00e1vel no primeiro semestre de 2020 se comparado com o mesmo per\u00edodo de 2019. Veja, portanto, os 5 primeiros da lista:&nbsp;<\/p>\n\n\n\n<ul class=\"wp-block-list\">\n<li><strong>Volkswagen Fox 2009<\/strong> \u2013 1.0 MI 8V Flex 4P manual: queda de 14%<\/li>\n\n\n\n<li><strong>Citro\u00ebn C3 2008<\/strong> &#8211; 1.4 I GLX 8V FLEX 4P manual:&nbsp; queda de 13,40%<\/li>\n\n\n\n<li><strong>Peugeot 207 2011<\/strong> \u2013 1.4 XR 8V FLEX 4P manual: queda de: 13%<\/li>\n\n\n\n<li><strong>Citro\u00ebn C3 2011<\/strong> \u2013 1.4 I GLX 8V FLEX 4P manual: queda de 12,90%<\/li>\n\n\n\n<li><strong>Peugeot 207 2012<\/strong> \u2013 1.4 XR 8V FLEX 4P manual: queda de 12,70%<\/li>\n<\/ul>\n\n\n\n<p>Esses foram os modelos que mais desvalorizaram e tiveram baixa no valor de comercializa\u00e7\u00e3o.&nbsp;&nbsp;<\/p>\n\n\n\n<p>E ent\u00e3o, como voc\u00ea tem lidado com tudo isso? O que tem feito para <a href=\"https:\/\/autolist.com.br\/como-aumentar-o-lucro-da-sua-loja-de-veiculos\/\">aumentar o lucro da sua loja de ve\u00edculos<\/a>? Nos conte nos coment\u00e1rios e aproveite para escrever suas d\u00favidas. Estamos \u00e0 disposi\u00e7\u00e3o para te ajudar!&nbsp; <\/p>\n\n\n\n<p>Para conferir outros conte\u00fados como esse, \u00e9 f\u00e1cil. Basta acompanhar o blog da <a href=\"http:\/\/www.autolist.com.br\">AutoList <\/a>e nos seguir nas redes sociais. Toda semana temos uma nova publica\u00e7\u00e3o com dicas que podem ajudar na rotina do seu neg\u00f3cio!&nbsp;<br><\/p>\n","protected":false},"excerpt":{"rendered":"<p>A chegada do coronav\u00edrus mudou o mercado, de maneira geral, e o h\u00e1bito de consumo das pessoas. Saiba agora como anda o mercado de carros seminovos durante a pandemia!<\/p>\n","protected":false},"author":4,"featured_media":16439,"comment_status":"open","ping_status":"open","sticky":false,"template":"","format":"standard","meta":{"footnotes":""},"categories":[9],"tags":[13,14],"class_list":["post-5896","post","type-post","status-publish","format-standard","has-post-thumbnail","hentry","category-todos","tag-mercado-de-carros-seminovos","tag-pandemia"],"yoast_head":"<!-- This site is optimized with the Yoast SEO plugin v25.1 - https:\/\/yoast.com\/wordpress\/plugins\/seo\/ -->\n<title>O mercado de carros seminovos durante a pandemia<\/title>\n<meta name=\"description\" content=\"Desde que a pandemia da Covid-19 come\u00e7ou, o mercado mudou completamente. Veja como est\u00e1 o segmento de carros seminovos nesse per\u00edodo!\" \/>\n<meta name=\"robots\" content=\"index, follow, max-snippet:-1, max-image-preview:large, max-video-preview:-1\" \/>\n<link rel=\"canonical\" href=\"https:\/\/www.autolist.com.br\/blog\/mercado-de-carros-seminovos-pandemia\/\" \/>\n<meta property=\"og:locale\" content=\"pt_BR\" \/>\n<meta property=\"og:type\" content=\"article\" \/>\n<meta property=\"og:title\" content=\"O mercado de carros seminovos durante a pandemia\" \/>\n<meta property=\"og:description\" content=\"Desde que a pandemia da Covid-19 come\u00e7ou, o mercado mudou completamente. Veja como est\u00e1 o segmento de carros seminovos nesse per\u00edodo!\" \/>\n<meta property=\"og:url\" content=\"https:\/\/www.autolist.com.br\/blog\/mercado-de-carros-seminovos-pandemia\/\" \/>\n<meta property=\"og:site_name\" content=\"Blog - Autolist\" \/>\n<meta property=\"article:publisher\" content=\"https:\/\/www.facebook.com\/autolistconsultasveiculares\" \/>\n<meta property=\"article:published_time\" content=\"2020-10-15T13:04:20+00:00\" \/>\n<meta property=\"og:image\" content=\"https:\/\/www.autolist.com.br\/blog\/wp-content\/uploads\/2020\/10\/44.jpg\" \/>\n\t<meta property=\"og:image:width\" content=\"626\" \/>\n\t<meta property=\"og:image:height\" content=\"417\" \/>\n\t<meta property=\"og:image:type\" content=\"image\/jpeg\" \/>\n<meta name=\"author\" content=\"Let\u00edcia Bariviera\" \/>\n<meta name=\"twitter:card\" content=\"summary_large_image\" \/>\n<meta name=\"twitter:label1\" content=\"Escrito por\" \/>\n\t<meta name=\"twitter:data1\" content=\"Let\u00edcia Bariviera\" \/>\n\t<meta name=\"twitter:label2\" content=\"Est. tempo de leitura\" \/>\n\t<meta name=\"twitter:data2\" content=\"4 minutos\" \/>\n<script type=\"application\/ld+json\" class=\"yoast-schema-graph\">{\"@context\":\"https:\/\/schema.org\",\"@graph\":[{\"@type\":\"Article\",\"@id\":\"https:\/\/www.autolist.com.br\/blog\/mercado-de-carros-seminovos-pandemia\/#article\",\"isPartOf\":{\"@id\":\"https:\/\/www.autolist.com.br\/blog\/mercado-de-carros-seminovos-pandemia\/\"},\"author\":{\"name\":\"Let\u00edcia Bariviera\",\"@id\":\"https:\/\/www.autolist.com.br\/blog\/#\/schema\/person\/20624ab867cc62b0ef5e51f48121653d\"},\"headline\":\"O mercado de carros seminovos durante a pandemia do Coronav\u00edrus\",\"datePublished\":\"2020-10-15T13:04:20+00:00\",\"mainEntityOfPage\":{\"@id\":\"https:\/\/www.autolist.com.br\/blog\/mercado-de-carros-seminovos-pandemia\/\"},\"wordCount\":609,\"commentCount\":0,\"publisher\":{\"@id\":\"https:\/\/www.autolist.com.br\/blog\/#organization\"},\"image\":{\"@id\":\"https:\/\/www.autolist.com.br\/blog\/mercado-de-carros-seminovos-pandemia\/#primaryimage\"},\"thumbnailUrl\":\"https:\/\/www.autolist.com.br\/blog\/wp-content\/uploads\/2020\/10\/44.jpg\",\"keywords\":[\"mercado de carros seminovos;\",\"pandemia\"],\"articleSection\":[\"Todos\"],\"inLanguage\":\"pt-BR\",\"potentialAction\":[{\"@type\":\"CommentAction\",\"name\":\"Comment\",\"target\":[\"https:\/\/www.autolist.com.br\/blog\/mercado-de-carros-seminovos-pandemia\/#respond\"]}]},{\"@type\":\"WebPage\",\"@id\":\"https:\/\/www.autolist.com.br\/blog\/mercado-de-carros-seminovos-pandemia\/\",\"url\":\"https:\/\/www.autolist.com.br\/blog\/mercado-de-carros-seminovos-pandemia\/\",\"name\":\"O mercado de carros seminovos durante a pandemia\",\"isPartOf\":{\"@id\":\"https:\/\/www.autolist.com.br\/blog\/#website\"},\"primaryImageOfPage\":{\"@id\":\"https:\/\/www.autolist.com.br\/blog\/mercado-de-carros-seminovos-pandemia\/#primaryimage\"},\"image\":{\"@id\":\"https:\/\/www.autolist.com.br\/blog\/mercado-de-carros-seminovos-pandemia\/#primaryimage\"},\"thumbnailUrl\":\"https:\/\/www.autolist.com.br\/blog\/wp-content\/uploads\/2020\/10\/44.jpg\",\"datePublished\":\"2020-10-15T13:04:20+00:00\",\"description\":\"Desde que a pandemia da Covid-19 come\u00e7ou, o mercado mudou completamente. Veja como est\u00e1 o segmento de carros seminovos nesse per\u00edodo!\",\"breadcrumb\":{\"@id\":\"https:\/\/www.autolist.com.br\/blog\/mercado-de-carros-seminovos-pandemia\/#breadcrumb\"},\"inLanguage\":\"pt-BR\",\"potentialAction\":[{\"@type\":\"ReadAction\",\"target\":[\"https:\/\/www.autolist.com.br\/blog\/mercado-de-carros-seminovos-pandemia\/\"]}]},{\"@type\":\"ImageObject\",\"inLanguage\":\"pt-BR\",\"@id\":\"https:\/\/www.autolist.com.br\/blog\/mercado-de-carros-seminovos-pandemia\/#primaryimage\",\"url\":\"https:\/\/www.autolist.com.br\/blog\/wp-content\/uploads\/2020\/10\/44.jpg\",\"contentUrl\":\"https:\/\/www.autolist.com.br\/blog\/wp-content\/uploads\/2020\/10\/44.jpg\",\"width\":626,\"height\":417},{\"@type\":\"BreadcrumbList\",\"@id\":\"https:\/\/www.autolist.com.br\/blog\/mercado-de-carros-seminovos-pandemia\/#breadcrumb\",\"itemListElement\":[{\"@type\":\"ListItem\",\"position\":1,\"name\":\"In\u00edcio\",\"item\":\"https:\/\/www.autolist.com.br\/blog\/\"},{\"@type\":\"ListItem\",\"position\":2,\"name\":\"O mercado de carros seminovos durante a pandemia do Coronav\u00edrus\"}]},{\"@type\":\"WebSite\",\"@id\":\"https:\/\/www.autolist.com.br\/blog\/#website\",\"url\":\"https:\/\/www.autolist.com.br\/blog\/\",\"name\":\"Blog - Autolist\",\"description\":\"Consultas Veiculares\",\"publisher\":{\"@id\":\"https:\/\/www.autolist.com.br\/blog\/#organization\"},\"potentialAction\":[{\"@type\":\"SearchAction\",\"target\":{\"@type\":\"EntryPoint\",\"urlTemplate\":\"https:\/\/www.autolist.com.br\/blog\/?s={search_term_string}\"},\"query-input\":{\"@type\":\"PropertyValueSpecification\",\"valueRequired\":true,\"valueName\":\"search_term_string\"}}],\"inLanguage\":\"pt-BR\"},{\"@type\":\"Organization\",\"@id\":\"https:\/\/www.autolist.com.br\/blog\/#organization\",\"name\":\"Blog - Autolist\",\"url\":\"https:\/\/www.autolist.com.br\/blog\/\",\"logo\":{\"@type\":\"ImageObject\",\"inLanguage\":\"pt-BR\",\"@id\":\"https:\/\/www.autolist.com.br\/blog\/#\/schema\/logo\/image\/\",\"url\":\"https:\/\/www.autolist.com.br\/blog\/wp-content\/uploads\/2024\/05\/Logo-Horizontal.png\",\"contentUrl\":\"https:\/\/www.autolist.com.br\/blog\/wp-content\/uploads\/2024\/05\/Logo-Horizontal.png\",\"width\":237,\"height\":60,\"caption\":\"Blog - Autolist\"},\"image\":{\"@id\":\"https:\/\/www.autolist.com.br\/blog\/#\/schema\/logo\/image\/\"},\"sameAs\":[\"https:\/\/www.facebook.com\/autolistconsultasveiculares\",\"https:\/\/www.instagram.com\/autolistcv\/\"]},{\"@type\":\"Person\",\"@id\":\"https:\/\/www.autolist.com.br\/blog\/#\/schema\/person\/20624ab867cc62b0ef5e51f48121653d\",\"name\":\"Let\u00edcia Bariviera\",\"image\":{\"@type\":\"ImageObject\",\"inLanguage\":\"pt-BR\",\"@id\":\"https:\/\/www.autolist.com.br\/blog\/#\/schema\/person\/image\/\",\"url\":\"https:\/\/secure.gravatar.com\/avatar\/805f672da9304da64bca1e55bc2e3b2ca7ab423b4210f8f80fb37bf9c13772c2?s=96&d=mm&r=g\",\"contentUrl\":\"https:\/\/secure.gravatar.com\/avatar\/805f672da9304da64bca1e55bc2e3b2ca7ab423b4210f8f80fb37bf9c13772c2?s=96&d=mm&r=g\",\"caption\":\"Let\u00edcia Bariviera\"},\"url\":\"https:\/\/www.autolist.com.br\/blog\/author\/leticia\/\"}]}<\/script>\n<!-- \/ Yoast SEO plugin. -->","yoast_head_json":{"title":"O mercado de carros seminovos durante a pandemia","description":"Desde que a pandemia da Covid-19 come\u00e7ou, o mercado mudou completamente. Veja como est\u00e1 o segmento de carros seminovos nesse per\u00edodo!","robots":{"index":"index","follow":"follow","max-snippet":"max-snippet:-1","max-image-preview":"max-image-preview:large","max-video-preview":"max-video-preview:-1"},"canonical":"https:\/\/www.autolist.com.br\/blog\/mercado-de-carros-seminovos-pandemia\/","og_locale":"pt_BR","og_type":"article","og_title":"O mercado de carros seminovos durante a pandemia","og_description":"Desde que a pandemia da Covid-19 come\u00e7ou, o mercado mudou completamente. Veja como est\u00e1 o segmento de carros seminovos nesse per\u00edodo!","og_url":"https:\/\/www.autolist.com.br\/blog\/mercado-de-carros-seminovos-pandemia\/","og_site_name":"Blog - Autolist","article_publisher":"https:\/\/www.facebook.com\/autolistconsultasveiculares","article_published_time":"2020-10-15T13:04:20+00:00","og_image":[{"width":626,"height":417,"url":"https:\/\/www.autolist.com.br\/blog\/wp-content\/uploads\/2020\/10\/44.jpg","type":"image\/jpeg"}],"author":"Let\u00edcia Bariviera","twitter_card":"summary_large_image","twitter_misc":{"Escrito por":"Let\u00edcia Bariviera","Est. tempo de leitura":"4 minutos"},"schema":{"@context":"https:\/\/schema.org","@graph":[{"@type":"Article","@id":"https:\/\/www.autolist.com.br\/blog\/mercado-de-carros-seminovos-pandemia\/#article","isPartOf":{"@id":"https:\/\/www.autolist.com.br\/blog\/mercado-de-carros-seminovos-pandemia\/"},"author":{"name":"Let\u00edcia Bariviera","@id":"https:\/\/www.autolist.com.br\/blog\/#\/schema\/person\/20624ab867cc62b0ef5e51f48121653d"},"headline":"O mercado de carros seminovos durante a pandemia do Coronav\u00edrus","datePublished":"2020-10-15T13:04:20+00:00","mainEntityOfPage":{"@id":"https:\/\/www.autolist.com.br\/blog\/mercado-de-carros-seminovos-pandemia\/"},"wordCount":609,"commentCount":0,"publisher":{"@id":"https:\/\/www.autolist.com.br\/blog\/#organization"},"image":{"@id":"https:\/\/www.autolist.com.br\/blog\/mercado-de-carros-seminovos-pandemia\/#primaryimage"},"thumbnailUrl":"https:\/\/www.autolist.com.br\/blog\/wp-content\/uploads\/2020\/10\/44.jpg","keywords":["mercado de carros seminovos;","pandemia"],"articleSection":["Todos"],"inLanguage":"pt-BR","potentialAction":[{"@type":"CommentAction","name":"Comment","target":["https:\/\/www.autolist.com.br\/blog\/mercado-de-carros-seminovos-pandemia\/#respond"]}]},{"@type":"WebPage","@id":"https:\/\/www.autolist.com.br\/blog\/mercado-de-carros-seminovos-pandemia\/","url":"https:\/\/www.autolist.com.br\/blog\/mercado-de-carros-seminovos-pandemia\/","name":"O mercado de carros seminovos durante a pandemia","isPartOf":{"@id":"https:\/\/www.autolist.com.br\/blog\/#website"},"primaryImageOfPage":{"@id":"https:\/\/www.autolist.com.br\/blog\/mercado-de-carros-seminovos-pandemia\/#primaryimage"},"image":{"@id":"https:\/\/www.autolist.com.br\/blog\/mercado-de-carros-seminovos-pandemia\/#primaryimage"},"thumbnailUrl":"https:\/\/www.autolist.com.br\/blog\/wp-content\/uploads\/2020\/10\/44.jpg","datePublished":"2020-10-15T13:04:20+00:00","description":"Desde que a pandemia da Covid-19 come\u00e7ou, o mercado mudou completamente. Veja como est\u00e1 o segmento de carros seminovos nesse per\u00edodo!","breadcrumb":{"@id":"https:\/\/www.autolist.com.br\/blog\/mercado-de-carros-seminovos-pandemia\/#breadcrumb"},"inLanguage":"pt-BR","potentialAction":[{"@type":"ReadAction","target":["https:\/\/www.autolist.com.br\/blog\/mercado-de-carros-seminovos-pandemia\/"]}]},{"@type":"ImageObject","inLanguage":"pt-BR","@id":"https:\/\/www.autolist.com.br\/blog\/mercado-de-carros-seminovos-pandemia\/#primaryimage","url":"https:\/\/www.autolist.com.br\/blog\/wp-content\/uploads\/2020\/10\/44.jpg","contentUrl":"https:\/\/www.autolist.com.br\/blog\/wp-content\/uploads\/2020\/10\/44.jpg","width":626,"height":417},{"@type":"BreadcrumbList","@id":"https:\/\/www.autolist.com.br\/blog\/mercado-de-carros-seminovos-pandemia\/#breadcrumb","itemListElement":[{"@type":"ListItem","position":1,"name":"In\u00edcio","item":"https:\/\/www.autolist.com.br\/blog\/"},{"@type":"ListItem","position":2,"name":"O mercado de carros seminovos durante a pandemia do Coronav\u00edrus"}]},{"@type":"WebSite","@id":"https:\/\/www.autolist.com.br\/blog\/#website","url":"https:\/\/www.autolist.com.br\/blog\/","name":"Blog - Autolist","description":"Consultas Veiculares","publisher":{"@id":"https:\/\/www.autolist.com.br\/blog\/#organization"},"potentialAction":[{"@type":"SearchAction","target":{"@type":"EntryPoint","urlTemplate":"https:\/\/www.autolist.com.br\/blog\/?s={search_term_string}"},"query-input":{"@type":"PropertyValueSpecification","valueRequired":true,"valueName":"search_term_string"}}],"inLanguage":"pt-BR"},{"@type":"Organization","@id":"https:\/\/www.autolist.com.br\/blog\/#organization","name":"Blog - Autolist","url":"https:\/\/www.autolist.com.br\/blog\/","logo":{"@type":"ImageObject","inLanguage":"pt-BR","@id":"https:\/\/www.autolist.com.br\/blog\/#\/schema\/logo\/image\/","url":"https:\/\/www.autolist.com.br\/blog\/wp-content\/uploads\/2024\/05\/Logo-Horizontal.png","contentUrl":"https:\/\/www.autolist.com.br\/blog\/wp-content\/uploads\/2024\/05\/Logo-Horizontal.png","width":237,"height":60,"caption":"Blog - Autolist"},"image":{"@id":"https:\/\/www.autolist.com.br\/blog\/#\/schema\/logo\/image\/"},"sameAs":["https:\/\/www.facebook.com\/autolistconsultasveiculares","https:\/\/www.instagram.com\/autolistcv\/"]},{"@type":"Person","@id":"https:\/\/www.autolist.com.br\/blog\/#\/schema\/person\/20624ab867cc62b0ef5e51f48121653d","name":"Let\u00edcia Bariviera","image":{"@type":"ImageObject","inLanguage":"pt-BR","@id":"https:\/\/www.autolist.com.br\/blog\/#\/schema\/person\/image\/","url":"https:\/\/secure.gravatar.com\/avatar\/805f672da9304da64bca1e55bc2e3b2ca7ab423b4210f8f80fb37bf9c13772c2?s=96&d=mm&r=g","contentUrl":"https:\/\/secure.gravatar.com\/avatar\/805f672da9304da64bca1e55bc2e3b2ca7ab423b4210f8f80fb37bf9c13772c2?s=96&d=mm&r=g","caption":"Let\u00edcia Bariviera"},"url":"https:\/\/www.autolist.com.br\/blog\/author\/leticia\/"}]}},"_links":{"self":[{"href":"https:\/\/www.autolist.com.br\/blog\/wp-json\/wp\/v2\/posts\/5896","targetHints":{"allow":["GET"]}}],"collection":[{"href":"https:\/\/www.autolist.com.br\/blog\/wp-json\/wp\/v2\/posts"}],"about":[{"href":"https:\/\/www.autolist.com.br\/blog\/wp-json\/wp\/v2\/types\/post"}],"author":[{"embeddable":true,"href":"https:\/\/www.autolist.com.br\/blog\/wp-json\/wp\/v2\/users\/4"}],"replies":[{"embeddable":true,"href":"https:\/\/www.autolist.com.br\/blog\/wp-json\/wp\/v2\/comments?post=5896"}],"version-history":[{"count":0,"href":"https:\/\/www.autolist.com.br\/blog\/wp-json\/wp\/v2\/posts\/5896\/revisions"}],"wp:featuredmedia":[{"embeddable":true,"href":"https:\/\/www.autolist.com.br\/blog\/wp-json\/wp\/v2\/media\/16439"}],"wp:attachment":[{"href":"https:\/\/www.autolist.com.br\/blog\/wp-json\/wp\/v2\/media?parent=5896"}],"wp:term":[{"taxonomy":"category","embeddable":true,"href":"https:\/\/www.autolist.com.br\/blog\/wp-json\/wp\/v2\/categories?post=5896"},{"taxonomy":"post_tag","embeddable":true,"href":"https:\/\/www.autolist.com.br\/blog\/wp-json\/wp\/v2\/tags?post=5896"}],"curies":[{"name":"wp","href":"https:\/\/api.w.org\/{rel}","templated":true}]}}